{"id":19939,"date":"2022-07-26T12:53:57","date_gmt":"2022-07-26T12:53:57","guid":{"rendered":"https:\/\/www.copaeastur.org\/?p=19939"},"modified":"2026-01-21T18:47:27","modified_gmt":"2026-01-21T18:47:27","slug":"copae-informa-programa-cultiva-22-publicado-catalogo-de-explotaciones-y-abierto-plazo-de-inscripcion-webinar-informativa-jueves-28-de-julio-12-horas","status":"publish","type":"post","link":"https:\/\/copaeastur.org\/es\/copae-informa-programa-cultiva-22-publicado-catalogo-de-explotaciones-y-abierto-plazo-de-inscripcion-webinar-informativa-jueves-28-de-julio-12-horas\/","title":{"rendered":"COPAE INFORMA. Programa CULTIVA 22: Publicado Cat\u00e1logo de Explotaciones y Abierto Plazo de Inscripci\u00f3n. Webinar informativa: jueves 28 de julio 12 horas"},"content":{"rendered":"<h3>CULTIVA 2022:<\/h3>\n<h4>Cat\u00e1logo Explotaciones Modelo:<span style=\"color: #339966;\"> <a style=\"color: #339966;\" href=\"https:\/\/bit.ly\/catalogodeestancias\" target=\"_blank\" rel=\"noopener noreferrer\">https:\/\/bit.ly\/catalogodeestancias<\/a><\/span><\/h4>\n<h4>Solicitud de Inscripci\u00f3n para Estancias gratuitas:<span style=\"color: #339966;\"> <a style=\"color: #339966;\" href=\"https:\/\/bit.ly\/solicitudCultiva22\" target=\"_blank\" rel=\"noopener noreferrer\">https:\/\/bit.ly\/solicitudCultiva22<\/a><\/span><\/h4>\n<h4>Inscripci\u00f3n webinar informativa 28 de julio 12 h.: <span style=\"color: #339966;\"><a style=\"color: #339966;\" href=\"https:\/\/20220728cultiva22.gr8.com\/\" target=\"_blank\" rel=\"noopener noreferrer\">https:\/\/20220728cultiva22.gr8.com\/<\/a><\/span><\/h4>\n<p>Ya est\u00e1 <strong>publicado el cat\u00e1logo de Explotaciones Modelo del PROGRAMA CULTIVA 2022<\/strong>, que facilita Estancias Formativas gratuitas, a explotaciones de otras comunidades aut\u00f3nomas, a ganaderos\/as, agricultores\/as menores de 41 a\u00f1os, instalados en el momento de la convocatoria o en los 5 a\u00f1os anteriores.<\/p>\n<p>&nbsp;<\/p>\n<p>En el cat\u00e1logo de Explotaciones Modelo 2022 hay 12 explotaciones asturianas de acogida, 5 de ellas son ecol\u00f3gicas (2 de vacuno carne, 1 de vacuno de leche y 2 de frutales).<\/p>\n<p>&nbsp;<\/p>\n<p>El objetivo del Programa CULTIVA es dar la oportunidad a los participantes de ver otras formas de trabajar, conocer procesos diferentes y establecer relaciones con iguales, otras personas y organizaciones del sector.<\/p>\n<p>&nbsp;<\/p>\n<p>Las explotaciones de acogida tienen que ser de otra comunidad aut\u00f3noma. En el cat\u00e1logo hay una descripci\u00f3n de cada explotaci\u00f3n de acogida en la que se indica si tienen producci\u00f3n ecol\u00f3gica.<\/p>\n<p>&nbsp;<\/p>\n<p>Se puede consultar el cat\u00e1logo en este enlace:<\/p>\n<ul>\n<li><a href=\"https:\/\/bit.ly\/catalogodeestancias\" target=\"_blank\" rel=\"noopener noreferrer\">https:\/\/bit.ly\/catalogodeestancias<\/a><\/li>\n<\/ul>\n<p>&nbsp;<\/p>\n<p>El <strong>plazo de inscripci\u00f3n para solicitar dichas Estancias Formativas<\/strong> en las referidas Explotaciones Modelo <strong>ya est\u00e1 abierto<\/strong>. Ser\u00e1 <strong>del 26 de Julio al 16 de agosto<\/strong> de 2022, ambos inclusive.<\/p>\n<p>&nbsp;<\/p>\n<p>Se puede acceder a la solicitud de inscripci\u00f3n por medio de este enlace:<\/p>\n<ul>\n<li><a href=\"https:\/\/bit.ly\/solicitudCultiva22\" target=\"_blank\" rel=\"noopener noreferrer\">https:\/\/bit.ly\/solicitudCultiva22<\/a><\/li>\n<\/ul>\n<p>&nbsp;<\/p>\n<p>Los interesados en <strong>saber m\u00e1s sobre el Programa CULTIVA 22 <\/strong>pueden apuntarse en este enlace, al <strong>webinar<\/strong> que realizar\u00e1 Cooperativas agro-alimentarias de Espa\u00f1a (CAE) el pr\u00f3ximo jueves 28 de Julio a las 12 h:<\/p>\n<ul>\n<li><a href=\"https:\/\/20220728cultiva22.gr8.com\/\" target=\"_blank\" rel=\"noopener noreferrer\">https:\/\/20220728cultiva22.gr8.com\/<\/a><\/li>\n<\/ul>\n<p>&nbsp;<\/p>\n<p><img decoding=\"async\" loading=\"lazy\" class=\"aligncenter size-full wp-image-19941\" src=\"https:\/\/www.copaeastur.org\/wp-content\/uploads\/2022\/07\/Programa-Cultiva-TWITTER-1.png\" alt=\"\" width=\"1600\" height=\"900\" srcset=\"https:\/\/copaeastur.org\/wp-content\/uploads\/2022\/07\/Programa-Cultiva-TWITTER-1.png 1600w, https:\/\/copaeastur.org\/wp-content\/uploads\/2022\/07\/Programa-Cultiva-TWITTER-1-300x169.png 300w, https:\/\/copaeastur.org\/wp-content\/uploads\/2022\/07\/Programa-Cultiva-TWITTER-1-768x432.png 768w, https:\/\/copaeastur.org\/wp-content\/uploads\/2022\/07\/Programa-Cultiva-TWITTER-1-1024x576.png 1024w\" sizes=\"(max-width: 1600px) 100vw, 1600px\" \/><\/p>\n","protected":false},"excerpt":{"rendered":"<p>CULTIVA 2022: Cat\u00e1logo Explotaciones Modelo: https:\/\/bit.ly\/catalogodeestancias Solicitud de Inscripci\u00f3n para Estancias gratuitas: https:\/\/bit.ly\/solicitudCultiva22 Inscripci\u00f3n webinar informativa 28 de julio 12 h.: https:\/\/20220728cultiva22.gr8.com\/ Ya est\u00e1 publicado el cat\u00e1logo de Explotaciones Modelo del PROGRAMA CULTIVA 2022, que facilita Estancias Formativas gratuitas, a explotaciones de otras comunidades aut\u00f3nomas, a ganaderos\/as, agricultores\/as menores de 41 a\u00f1os, instalados en el&#8230;<\/p>\n","protected":false},"author":2,"featured_media":0,"comment_status":"closed","ping_status":"closed","sticky":false,"template":"","format":"standard","meta":[],"categories":[1],"tags":[],"_links":{"self":[{"href":"https:\/\/copaeastur.org\/es\/wp-json\/wp\/v2\/posts\/19939"}],"collection":[{"href":"https:\/\/copaeastur.org\/es\/wp-json\/wp\/v2\/posts"}],"about":[{"href":"https:\/\/copaeastur.org\/es\/wp-json\/wp\/v2\/types\/post"}],"author":[{"embeddable":true,"href":"https:\/\/copaeastur.org\/es\/wp-json\/wp\/v2\/users\/2"}],"replies":[{"embeddable":true,"href":"https:\/\/copaeastur.org\/es\/wp-json\/wp\/v2\/comments?post=19939"}],"version-history":[{"count":7,"href":"https:\/\/copaeastur.org\/es\/wp-json\/wp\/v2\/posts\/19939\/revisions"}],"predecessor-version":[{"id":19949,"href":"https:\/\/copaeastur.org\/es\/wp-json\/wp\/v2\/posts\/19939\/revisions\/19949"}],"wp:attachment":[{"href":"https:\/\/copaeastur.org\/es\/wp-json\/wp\/v2\/media?parent=19939"}],"wp:term":[{"taxonomy":"category","embeddable":true,"href":"https:\/\/copaeastur.org\/es\/wp-json\/wp\/v2\/categories?post=19939"},{"taxonomy":"post_tag","embeddable":true,"href":"https:\/\/copaeastur.org\/es\/wp-json\/wp\/v2\/tags?post=19939"}],"curies":[{"name":"wp","href":"https:\/\/api.w.org\/{rel}","templated":true}]}}