{"id":19625,"date":"2022-03-25T09:20:35","date_gmt":"2022-03-25T09:20:35","guid":{"rendered":"https:\/\/www.copaeastur.org\/?p=19625"},"modified":"2026-01-21T18:47:29","modified_gmt":"2026-01-21T18:47:29","slug":"los-alimentos-ecologicos-de-asturias-mas-alla-del-producto-en-madrid-fusion","status":"publish","type":"post","link":"https:\/\/copaeastur.org\/es\/los-alimentos-ecologicos-de-asturias-mas-alla-del-producto-en-madrid-fusion\/","title":{"rendered":"Los alimentos ecol\u00f3gicos de Asturias, \u2018M\u00e1s All\u00e1 del Producto\u2019 en\u2026 Madrid Fusi\u00f3n"},"content":{"rendered":"<p>El lunes 28 de marzo volvemos a estar presentes, con una presentaci\u00f3n y degustaci\u00f3n de distintos alimentos ecol\u00f3gicos de Asturias certificados por el COPAE, en Madrid Fusi\u00f3n (IFEMA\/Madrid), en el \u201cCongreso Global de Gastronom\u00eda\u201d, que en su vig\u00e9sima edici\u00f3n se celebra bajo el lema: \u2018M\u00e1s All\u00e1 del Producto\u2019.<\/p>\n<p>&nbsp;<\/p>\n<p>De 17.30 a 19.30 horas, en el stand de Turismo de Asturias, le corresponde al cocinero y gastr\u00f3nomo Lluis Nel Estrada mostrar la excelencia y poner en valor entre el p\u00fablico asistente, la calidad de los alimentos ecol\u00f3gicos certificados en Asturias por el COPAE \u2013 Consejo de la Producci\u00f3n Agraria Ecol\u00f3gica del Principado de Asturias.<\/p>\n<p>&nbsp;<\/p>\n<p>Luis Nell Estrada cuenta para ello con una amplia variedad de alimentos ecol\u00f3gicos asturianos certificados por el COPAE, que sin duda responden al lema y esp\u00edritu de la presente edici\u00f3n de Madrid Fusi\u00f3n de ir\u2026 \u2018M\u00e1s All\u00e1 del Producto\u2019: de sidra dulce, a bebida refrescante, pasando por vinagre, setas, yogures, mermeladas, crema de cacao, queso de vaca, azul y de la DOP de Cabrales.<\/p>\n<p>&nbsp;<\/p>\n<p>En representaci\u00f3n del COPAE en Madrid Fusi\u00f3n en su vig\u00e9sima edici\u00f3n de 2022, est\u00e1n presentes:<\/p>\n<p>&nbsp;<\/p>\n<ol>\n<li>Queser\u00eda Asiegu \u2013 queso DOP Cabrales &#8211;\u00a0<a href=\"https:\/\/www.facebook.com\/queseria.asiegu.1\">https:\/\/www.facebook.com\/queseria.asiegu.1<\/a><\/li>\n<li>Los Caserinos \u2013 queso azul\/yogures &#8211; <a href=\"https:\/\/loscaserinos.com\/\">https:\/\/loscaserinos.com\/<\/a><\/li>\n<li>Quesu Ov\u00edn \u2013 queso de vaca &#8211; <a href=\"https:\/\/www.facebook.com\/quesu.ovin\">https:\/\/www.facebook.com\/quesu.ovin<\/a><\/li>\n<li>Funginatur \u2013 setas Shiitake en escabeche y aceite de oliva &#8211;\u00a0<a href=\"https:\/\/funginatur.com\/\">https:\/\/funginatur.com\/<\/a><\/li>\n<li>Sidra Mayador \u2013sidra dulce y vinagre &#8211; <a href=\"https:\/\/www.mayador.com\/\">https:\/\/www.mayador.com\/<\/a><\/li>\n<li>Kikiricoop \/ Asturcilla \u2013 crema de cacao &#8211; <a href=\"https:\/\/www.asturcilla.com\/\">https:\/\/www.asturcilla.com\/<\/a><\/li>\n<li>Moonwater \u2013 bebida refrescante &#8211; <a href=\"https:\/\/moonwaterdrink.com\/\">https:\/\/moonwaterdrink.com\/<\/a><\/li>\n<li>Pomares Dulces \u2013 mermeladas &#8211; <a href=\"https:\/\/www.pomaresdulces.es\/\">https:\/\/www.pomaresdulces.es\/<\/a><img decoding=\"async\" loading=\"lazy\" class=\"size-full wp-image-19626\" src=\"https:\/\/www.copaeastur.org\/wp-content\/uploads\/2022\/03\/Cartel-Madrid-Fusi\u00f3n.jpg\" alt=\"COPAE en Madrid Fusi\u00f3n\" width=\"1280\" height=\"720\" srcset=\"https:\/\/copaeastur.org\/wp-content\/uploads\/2022\/03\/Cartel-Madrid-Fusi\u00f3n.jpg 1280w, https:\/\/copaeastur.org\/wp-content\/uploads\/2022\/03\/Cartel-Madrid-Fusi\u00f3n-300x169.jpg 300w, https:\/\/copaeastur.org\/wp-content\/uploads\/2022\/03\/Cartel-Madrid-Fusi\u00f3n-768x432.jpg 768w, https:\/\/copaeastur.org\/wp-content\/uploads\/2022\/03\/Cartel-Madrid-Fusi\u00f3n-1024x576.jpg 1024w\" sizes=\"(max-width: 1280px) 100vw, 1280px\" \/>\n<p>COPAE en Madrid Fusi\u00f3n<\/li>\n<\/ol>\n","protected":false},"excerpt":{"rendered":"<p>El lunes 28 de marzo volvemos a estar presentes, con una presentaci\u00f3n y degustaci\u00f3n de distintos alimentos ecol\u00f3gicos de Asturias certificados por el COPAE, en Madrid Fusi\u00f3n (IFEMA\/Madrid), en el \u201cCongreso Global de Gastronom\u00eda\u201d, que en su vig\u00e9sima edici\u00f3n se celebra bajo el lema: \u2018M\u00e1s All\u00e1 del Producto\u2019. &nbsp; De 17.30 a 19.30 horas, en&#8230;<\/p>\n","protected":false},"author":2,"featured_media":0,"comment_status":"closed","ping_status":"closed","sticky":false,"template":"","format":"standard","meta":[],"categories":[1,174],"tags":[],"_links":{"self":[{"href":"https:\/\/copaeastur.org\/es\/wp-json\/wp\/v2\/posts\/19625"}],"collection":[{"href":"https:\/\/copaeastur.org\/es\/wp-json\/wp\/v2\/posts"}],"about":[{"href":"https:\/\/copaeastur.org\/es\/wp-json\/wp\/v2\/types\/post"}],"author":[{"embeddable":true,"href":"https:\/\/copaeastur.org\/es\/wp-json\/wp\/v2\/users\/2"}],"replies":[{"embeddable":true,"href":"https:\/\/copaeastur.org\/es\/wp-json\/wp\/v2\/comments?post=19625"}],"version-history":[{"count":4,"href":"https:\/\/copaeastur.org\/es\/wp-json\/wp\/v2\/posts\/19625\/revisions"}],"predecessor-version":[{"id":19634,"href":"https:\/\/copaeastur.org\/es\/wp-json\/wp\/v2\/posts\/19625\/revisions\/19634"}],"wp:attachment":[{"href":"https:\/\/copaeastur.org\/es\/wp-json\/wp\/v2\/media?parent=19625"}],"wp:term":[{"taxonomy":"category","embeddable":true,"href":"https:\/\/copaeastur.org\/es\/wp-json\/wp\/v2\/categories?post=19625"},{"taxonomy":"post_tag","embeddable":true,"href":"https:\/\/copaeastur.org\/es\/wp-json\/wp\/v2\/tags?post=19625"}],"curies":[{"name":"wp","href":"https:\/\/api.w.org\/{rel}","templated":true}]}}