{"id":19379,"date":"2021-05-27T15:45:27","date_gmt":"2021-05-27T15:45:27","guid":{"rendered":"https:\/\/www.copaeastur.org\/?p=19379"},"modified":"2026-01-21T18:49:21","modified_gmt":"2026-01-21T18:49:21","slug":"resumen-de-la-jornada-de-presentacion-del-plan-de-accion-europeo-para-la-produccion-ecologica-oviedo-18-de-mayo-de-2021","status":"publish","type":"post","link":"https:\/\/copaeastur.org\/es\/resumen-de-la-jornada-de-presentacion-del-plan-de-accion-europeo-para-la-produccion-ecologica-oviedo-18-de-mayo-de-2021\/","title":{"rendered":"Resumen y v\u00eddeo de la Jornada de Presentaci\u00f3n del Plan de Acci\u00f3n Europeo para la Producci\u00f3n Ecol\u00f3gica."},"content":{"rendered":"<p>La jornada fue presentada por <em><strong>Raquel Menda\u00f1a<\/strong><\/em>, encargada de la comunicaci\u00f3n del COPAE, y por<strong><em> Jos\u00e9 Antonio Garc\u00eda<\/em><\/strong>, como presidente del COPAE, que lanz\u00f3 un mensaje de \u00e1nimo a las personas afectadas por la granizada del 10 de mayo, con importantes da\u00f1os en los cultivos.<br \/>\n&nbsp;<\/p>\n<p>El <strong>presidente del Gobierno del Principado de Asturias, <em>Adri\u00e1n Barb\u00f3n<\/em><\/strong>, envi\u00f3 un v\u00eddeo de bienvenida y saludo con un mensaje de apoyo a la estrategia europea y al plan de acci\u00f3n para el desarrollo de la producci\u00f3n ecol\u00f3gica, deseando que las conclusiones de la jornada sean fruct\u00edferas.<br \/>\n&nbsp;<\/p>\n<p><strong><em>Jaime Izquierdo<\/em><\/strong>, Comisionado para el reto demogr\u00e1fico, tuvo una breve intervenci\u00f3n para recalcar la importancia de que la producci\u00f3n ecol\u00f3gica evolucione de un sistema de obtenci\u00f3n de producto a una gesti\u00f3n del territorio basada en la agroecolog\u00eda.<\/p>\n<p><em><strong>Javier Nievas<\/strong><\/em>, Responsable de Medio Rural de Caja Rural de Asturias, como entidad colaboradora del COPAE, destac\u00f3 el papel de la Caja Rural como cooperativa que se basa en la econom\u00eda social y financia proyectos de econom\u00eda real y productiva, cuidando el medio ambiente como requisito de competitividad en el futuro, con el objetivo de que sostenibilidad vaya unido a rentabilidad.<br \/>\n&nbsp;<br \/>\nPor su parte <strong><em>Bego\u00f1a L\u00f3pez<\/em><\/strong>, Directora general de Desarrollo Rural y Agroalimentaci\u00f3n, habl\u00f3 del apoyo del Gobierno de Asturias a la producci\u00f3n ecol\u00f3gica, destacando el aumento del presupuesto de ayudas al mantenimiento y a la conversi\u00f3n a la producci\u00f3n ecol\u00f3gica, y dando datos de la situaci\u00f3n actual del sector ecol\u00f3gico y del n\u00famero de operadores. Pone en valor el papel del COPAE como autoridad de control al que se le confiere por ley el control oficial de la producci\u00f3n ecol\u00f3gica.<br \/>\n&nbsp;<br \/>\n<strong><em>Diego Canga<\/em><\/strong>, <strong>Consejero Principal de la Direcci\u00f3n General de Agricultura de la UE<\/strong>, present\u00f3 el <strong><em>Plan de Acci\u00f3n de la UE para la Producci\u00f3n Ecol\u00f3gica<\/em><\/strong>, lanzando un mensaje directo a que los productores se sumen al sector ecol\u00f3gico, un mensaje muy oportuno en un contexto de despoblaci\u00f3n, ya que se trata de un sector en crecimiento por el que apuesta la UE. Recuerda que pasar a ecol\u00f3gico es algo voluntario, pero que va a contar con todo el apoyo para llegar al 25 % de la superficie ecol\u00f3gica de la UE en 2030, el objetivo que se marca la Comisi\u00f3n. Se pregunta por qu\u00e9 en Asturias ese porcentaje es s\u00f3lo de un 3 % cuando en Espa\u00f1a es del 9,7 % y la media en Europa es del 8,5 %. Entre las principales medidas del Plan de Acci\u00f3n destaca los pagos directos de la PAC, la apuesta por la investigaci\u00f3n, y la promoci\u00f3n, con el fin de estimular el consumo para que la administraci\u00f3n realice compra p\u00fablica verde y ecol\u00f3gica y para buscar la implicaci\u00f3n de la distribuci\u00f3n y la restauraci\u00f3n, as\u00ed como el apoyo a los biodistritos. Comenta tambi\u00e9n el nuevo reglamento de producci\u00f3n ecol\u00f3gica y advierte de que llegar\u00e1 una oleada de legislaci\u00f3n nueva en materia de bienestar animal, y que los operadores ecol\u00f3gicos estar\u00e1n mejor situados para afrontar los cambios necesarios.<br \/>\n&nbsp;<br \/>\nA continuaci\u00f3n, hubo una ronda de intervenciones, empezando con <strong><em>Mar\u00eda del Carmen Oliv\u00e1n Garc\u00eda<\/em><\/strong><em>,<\/em> Directora Gerente del SERIDA, que dio un repaso a los proyectos de investigaci\u00f3n del SERIDA en producci\u00f3n ecol\u00f3gica. Por su parte, <strong><em>Sergio Marqu\u00e9s<\/em><\/strong>, como representante de Supermercados Alimerka, destac\u00f3 la existencia de multitud de sellos de garant\u00eda y la importancia de informar a los consumidores sobre el concepto de producto ecol\u00f3gico, ante la confusi\u00f3n creada. <strong><em>Nacho Manzano<\/em><\/strong>, destac\u00f3 la calidad de la cocina asturiana y los productos asturianos y habl\u00f3 de la necesidad de que lo ecol\u00f3gico sea cercano, as\u00ed como de la importancia de la conciencia ecol\u00f3gica.<br \/>\nPor \u00faltimo, ingeniero industrial y CEO de Sunthalpy, presenta su proyecto basado en la tecnolog\u00eda solar de baja entalp\u00eda, a\u00f1adiendo que para que una casa sea 100 % ecol\u00f3gica tambi\u00e9n lo tiene que ser la comida, y ofrece la posibilidad de que la tecnolog\u00eda sea llevada al campo de la agricultura.<br \/>\n&nbsp;<br \/>\nEntre los asistentes hab\u00eda representantes de los distintos agentes implicados en el sector agroalimentario. Para acabar hubo una ronda de preguntas, destacando la intervenci\u00f3n de Dacio Alonso, presidente de la Uni\u00f3n de Consumidores de Asturias, quien resalta que el papel de los consumidores, que no son soberanos del mercado y parecen m\u00e1s bien un sujeto no activo, y que al final la producci\u00f3n ecol\u00f3gica se basa en la confianza, en el sistema de producci\u00f3n y en el control y la certificaci\u00f3n, por lo que pide que los productores trasladen a los consumidores su forma de trabajar para que se valore la diferencia entre un producto ecol\u00f3gico y no ecol\u00f3gico.<br \/>\n&nbsp;<br \/>\nEntre los asistentes surgen reflexiones sobre el crecimiento de la producci\u00f3n ecol\u00f3gica, la dificultad de acceso a la tierra o la dificultad de comercializar la producci\u00f3n como ecol\u00f3gica y de obtener un valor a\u00f1adido real que permita rentabilizar la producci\u00f3n.<br \/>\n&nbsp;<br \/>\nClausura la jornada la directora general de Desarrollo Rural felicitando al COPAE la organizaci\u00f3n y agradeciendo la participaci\u00f3n a ponentes y asistentes. Plantea la necesidad de elaborar un plan de futuro y de crear una mesa de trabajo para su seguimiento.<br \/>\n&nbsp;<br \/>\n&nbsp;<br \/>\n<strong><em>Conclusiones de la jornada<\/em><\/strong><br \/>\n&nbsp;<br \/>\nAsturias est\u00e1 quedando atr\u00e1s en comparaci\u00f3n con la media nacional y europea en producci\u00f3n ecol\u00f3gica, siendo una regi\u00f3n con gran potencial en producci\u00f3n ecol\u00f3gica. Una de las explicaciones es que conseguir la certificaci\u00f3n no es f\u00e1cil, ya que se trata de normas muy estrictas, por lo que las ayudas son muy necesarias para la conversi\u00f3n y compensar los costes de producci\u00f3n. Tambi\u00e9n influye la creencia de que todo en Asturias es natural y muy cercano a lo ecol\u00f3gico, como se manifest\u00f3 en la jornada por los asistentes, cuando no es as\u00ed.<br \/>\nLa producci\u00f3n ecol\u00f3gica no es una moda, es un sistema de producci\u00f3n que crece en todo el mundo, y es el sistema de producci\u00f3n por el que apuesta decididamente la UE, por lo que supone una oportunidad que puede favorecer el desarrollo rural en zonas despobladas.<br \/>\nLa producci\u00f3n ecol\u00f3gica deber\u00eda de desarrollarse en base a una gesti\u00f3n del territorio basada en los principios de la agroecol\u00f3gica, para que sea realmente sostenible.<br \/>\nEs fundamental la educaci\u00f3n y es muy necesario informar de forma objetiva a los consumidores sobre la producci\u00f3n ecol\u00f3gica y explicar su diferencia y las ventajas y beneficios, para evitar la confusi\u00f3n con otros sellos o marcas privadas, as\u00ed como la participaci\u00f3n y la transparencia en el control para generar confianza en los consumidores.<br \/>\nAdem\u00e1s del sector privado, es muy importante el papel del sector p\u00fablico a trav\u00e9s de las compras p\u00fablicas verdes, y los pa\u00edses y comunidades aut\u00f3nomas deber\u00e1n elaborar sus propios planes para el desarrollo de la producci\u00f3n ecol\u00f3gica, siguiendo la l\u00ednea marcada por la UE.<br \/>\n&nbsp;<br \/>\n&nbsp;<br \/>\nM\u00e1s informaci\u00f3n sobre el Plan de Acci\u00f3n de la UE:<br \/>\n<a href=\"https:\/\/www.mapa.gob.es\/es\/alimentacion\/temas\/produccion-eco\/estrategias-estudios\/\">https:\/\/www.mapa.gob.es\/es\/alimentacion\/temas\/produccion-eco\/estrategias-estudios\/<\/a><br \/>\n\u2013 Plan de Acci\u00f3n 2021 de la UE en la Producci\u00f3n Ecol\u00f3gica \u2013 Plan de Acci\u00f3n 2021 de la UE en la Producci\u00f3n Ecol\u00f3gica \u2013 anexo<br \/>\n&nbsp;<br \/>\n&nbsp;<br \/>\nPod\u00e9is consultar la presentaci\u00f3n del Consejero Principal de la Direcci\u00f3n General de Agricultura de la UE, Diego Canga, en el siguiente link:<\/p>\n<p><a href=\"https:\/\/www.copaeastur.org\/wp-content\/uploads\/2021\/05\/Copae-Oviedo-18521-2021-DCF-Power-Point.pdf\">Plan de Acci\u00f3n para el Desarrollo de la Producci\u00f3n Ecol\u00f3gica &#8211; Diego Canga Fano <\/a><br \/>\n&nbsp;<br \/>\n&nbsp;<br \/>\n&nbsp;<\/p>\n<p><iframe loading=\"lazy\" title=\"Emisi\u00f3n del Plan de Acci\u00f3n Para el Desarrollo de la Agricultura Ecol\u00f3gica en la UE\" width=\"1060\" height=\"596\" src=\"https:\/\/www.youtube.com\/embed\/fswHumo-yCY?feature=oembed\" frameborder=\"0\" allow=\"accelerometer; autoplay; clipboard-write; encrypted-media; gyroscope; picture-in-picture\" allowfullscreen><\/iframe><\/p>\n","protected":false},"excerpt":{"rendered":"<p>La jornada fue presentada por Raquel Menda\u00f1a, encargada de la comunicaci\u00f3n del COPAE, y por Jos\u00e9 Antonio Garc\u00eda, como presidente del COPAE, que lanz\u00f3 un mensaje de \u00e1nimo a las personas afectadas por la granizada del 10 de mayo, con importantes da\u00f1os en los cultivos. &nbsp; El presidente del Gobierno del Principado de Asturias, Adri\u00e1n&#8230;<\/p>\n","protected":false},"author":2,"featured_media":0,"comment_status":"closed","ping_status":"closed","sticky":false,"template":"","format":"standard","meta":[],"categories":[1],"tags":[],"_links":{"self":[{"href":"https:\/\/copaeastur.org\/es\/wp-json\/wp\/v2\/posts\/19379"}],"collection":[{"href":"https:\/\/copaeastur.org\/es\/wp-json\/wp\/v2\/posts"}],"about":[{"href":"https:\/\/copaeastur.org\/es\/wp-json\/wp\/v2\/types\/post"}],"author":[{"embeddable":true,"href":"https:\/\/copaeastur.org\/es\/wp-json\/wp\/v2\/users\/2"}],"replies":[{"embeddable":true,"href":"https:\/\/copaeastur.org\/es\/wp-json\/wp\/v2\/comments?post=19379"}],"version-history":[{"count":9,"href":"https:\/\/copaeastur.org\/es\/wp-json\/wp\/v2\/posts\/19379\/revisions"}],"predecessor-version":[{"id":19394,"href":"https:\/\/copaeastur.org\/es\/wp-json\/wp\/v2\/posts\/19379\/revisions\/19394"}],"wp:attachment":[{"href":"https:\/\/copaeastur.org\/es\/wp-json\/wp\/v2\/media?parent=19379"}],"wp:term":[{"taxonomy":"category","embeddable":true,"href":"https:\/\/copaeastur.org\/es\/wp-json\/wp\/v2\/categories?post=19379"},{"taxonomy":"post_tag","embeddable":true,"href":"https:\/\/copaeastur.org\/es\/wp-json\/wp\/v2\/tags?post=19379"}],"curies":[{"name":"wp","href":"https:\/\/api.w.org\/{rel}","templated":true}]}}