{"id":19362,"date":"2021-05-13T19:03:55","date_gmt":"2021-05-13T19:03:55","guid":{"rendered":"https:\/\/www.copaeastur.org\/?p=19362"},"modified":"2026-01-21T18:49:21","modified_gmt":"2026-01-21T18:49:21","slug":"jornada-de-presentacion-del-plan-de-accion-europeo-para-la-produccion-ecologica","status":"publish","type":"post","link":"https:\/\/copaeastur.org\/es\/jornada-de-presentacion-del-plan-de-accion-europeo-para-la-produccion-ecologica\/","title":{"rendered":"Jornada de Presentaci\u00f3n del Plan de Acci\u00f3n Europeo para la Producci\u00f3n Ecol\u00f3gica"},"content":{"rendered":"<p>El d\u00eda 18 de mayo, el COPAE desarrollar\u00e1 la jornada para la <strong>Presentaci\u00f3n del Plan de Acci\u00f3n Europeo para la Producci\u00f3n Ecol\u00f3gica<\/strong>, a cargo de <em>Diego Canga Fano<\/em>, Consejero Principal de la Comisi\u00f3n Europea, de la Direcci\u00f3n General de Agricultura y Medio Rural.<br \/>\n&nbsp;<br \/>\nActo que comenzar\u00e1 10 horas y ser\u00e1 retransmitido v\u00eda streaming por YouTube, Instagram y Facebook, en los siguientes enlaces:<br \/>\n&nbsp;<br \/>\n<a href=\"https:\/\/www.youtube.com\/channel\/UC0lu56DDy68LmGsuYP8skzg\">COPAE ASTURIAS &#8211; YouTube<\/a><br \/>\n<a href=\"https:\/\/es-es.facebook.com\/CopaeAsturias\">COPAE Asturias &#8211; Inicio | Facebook<\/a><br \/>\n<a href=\"https:\/\/www.instagram.com\/copaeasturias\/?hl=es\">Iniciar sesi\u00f3n \u2022 Instagram<\/a><br \/>\n&nbsp;<br \/>\nEl Plan aprobado por la Comisi\u00f3n Europea pretende estimular la oferta y demanda de productos ecol\u00f3gicos a nivel comunitario. La estrategia de la UE conocida como <em>\u201cDe la Granja a la Mesa\u201d<\/em>, se marca como principal objetivo alcanzar que el 25% del total de la superficie agraria europea sea ecol\u00f3gica en 2030. Para lograrlo, Espa\u00f1a y el resto de los Estados miembros de la UE, dispondr\u00e1n de los medios previstos en el Plan de Acci\u00f3n.<br \/>\n&nbsp;<br \/>\nPara abordar el presente y el futuro de la producci\u00f3n ecol\u00f3gica en Asturias, habr\u00e1 una mesa redonda sobre la transformaci\u00f3n del sector agroalimentario hacia producci\u00f3n ecol\u00f3gica, que no ha parado de crecer y que apuesta por la sostenibilidad, el respeto al medio ambiente y la democratizaci\u00f3n del consumo de productos ecol\u00f3gicos.<br \/>\n&nbsp;<br \/>\nEntre los ponentes, adem\u00e1s del citado <em>Diego Canga<\/em>, estar\u00e1 <em>Bego\u00f1a L\u00f3pez<\/em>, directora general de DesarrolloRural y Agroalimentaci\u00f3n del Principado Asturias; <em>Mamen Oliv\u00e1n<\/em>, directora gerente del SERIDA; <em>Nacho Manzano<\/em>, uno de nuestros cocineros de mayor prestigio a nivel internacional; <em>Javier Nievas<\/em>, de la Caja Rural de Asturias; <em>Sergio Marqu\u00e9s<\/em>, de Supermercados Alimerka y <em>Jos\u00e9 Antonio Garc\u00eda<\/em>, presidente de COPAE.<br \/>\n&nbsp;<\/p>\n<p>Para m\u00e1s informaci\u00f3n os dejamos el enlace a la p\u00e1gina web del Ministerio, donde est\u00e1 publicado el Plan de Acci\u00f3n de la UE.<\/p>\n<p><a href=\"https:\/\/www.mapa.gob.es\/es\/alimentacion\/temas\/produccion-eco\/estrategias-estudios\/\">https:\/\/www.mapa.gob.es\/es\/alimentacion\/temas\/produccion-eco\/estrategias-estudios\/<\/a>, donde pod\u00e9is descargar estos ficheros:<\/p>\n<p>&#8211; Plan de Acci\u00f3n 2021 de la UE en la Producci\u00f3n Ecol\u00f3gica<br \/>\n&#8211; Plan de Acci\u00f3n 2021 de la UE en la Producci\u00f3n Ecol\u00f3gica \u2013 anexo<br \/>\n&nbsp;<\/p>\n<p><img decoding=\"async\" loading=\"lazy\" class=\"aligncenter  wp-image-19363\" src=\"https:\/\/www.copaeastur.org\/wp-content\/uploads\/2021\/05\/Evento-18-mayo-240x300.jpg\" alt=\"\" width=\"370\" height=\"463\" srcset=\"https:\/\/copaeastur.org\/wp-content\/uploads\/2021\/05\/Evento-18-mayo-240x300.jpg 240w, https:\/\/copaeastur.org\/wp-content\/uploads\/2021\/05\/Evento-18-mayo-768x960.jpg 768w, https:\/\/copaeastur.org\/wp-content\/uploads\/2021\/05\/Evento-18-mayo-819x1024.jpg 819w, https:\/\/copaeastur.org\/wp-content\/uploads\/2021\/05\/Evento-18-mayo.jpg 1333w\" sizes=\"(max-width: 370px) 100vw, 370px\" \/><\/p>\n","protected":false},"excerpt":{"rendered":"<p>El d\u00eda 18 de mayo, el COPAE desarrollar\u00e1 la jornada para la Presentaci\u00f3n del Plan de Acci\u00f3n Europeo para la Producci\u00f3n Ecol\u00f3gica, a cargo de Diego Canga Fano, Consejero Principal de la Comisi\u00f3n Europea, de la Direcci\u00f3n General de Agricultura y Medio Rural. &nbsp; Acto que comenzar\u00e1 10 horas y ser\u00e1 retransmitido v\u00eda streaming por&#8230;<\/p>\n","protected":false},"author":2,"featured_media":0,"comment_status":"closed","ping_status":"closed","sticky":false,"template":"","format":"standard","meta":[],"categories":[1],"tags":[],"_links":{"self":[{"href":"https:\/\/copaeastur.org\/es\/wp-json\/wp\/v2\/posts\/19362"}],"collection":[{"href":"https:\/\/copaeastur.org\/es\/wp-json\/wp\/v2\/posts"}],"about":[{"href":"https:\/\/copaeastur.org\/es\/wp-json\/wp\/v2\/types\/post"}],"author":[{"embeddable":true,"href":"https:\/\/copaeastur.org\/es\/wp-json\/wp\/v2\/users\/2"}],"replies":[{"embeddable":true,"href":"https:\/\/copaeastur.org\/es\/wp-json\/wp\/v2\/comments?post=19362"}],"version-history":[{"count":10,"href":"https:\/\/copaeastur.org\/es\/wp-json\/wp\/v2\/posts\/19362\/revisions"}],"predecessor-version":[{"id":19375,"href":"https:\/\/copaeastur.org\/es\/wp-json\/wp\/v2\/posts\/19362\/revisions\/19375"}],"wp:attachment":[{"href":"https:\/\/copaeastur.org\/es\/wp-json\/wp\/v2\/media?parent=19362"}],"wp:term":[{"taxonomy":"category","embeddable":true,"href":"https:\/\/copaeastur.org\/es\/wp-json\/wp\/v2\/categories?post=19362"},{"taxonomy":"post_tag","embeddable":true,"href":"https:\/\/copaeastur.org\/es\/wp-json\/wp\/v2\/tags?post=19362"}],"curies":[{"name":"wp","href":"https:\/\/api.w.org\/{rel}","templated":true}]}}