{"id":20766,"date":"2023-05-12T09:54:05","date_gmt":"2023-05-12T09:54:05","guid":{"rendered":"https:\/\/www.copaeastur.org\/?p=20766"},"modified":"2026-01-21T18:34:54","modified_gmt":"2026-01-21T18:34:54","slug":"arandano-ecologico-en-asturias","status":"publish","type":"post","link":"https:\/\/copaeastur.org\/en\/arandano-ecologico-en-asturias\/","title":{"rendered":"Ar\u00e1ndano ecol\u00f3gico en Asturias"},"content":{"rendered":"<p>Se acerca la temporada del ar\u00e1ndano ecol\u00f3gico, un fruto que ofrece un sabor y cualidades incre\u00edbles y que es estandarte de la producci\u00f3n ecol\u00f3gica en Asturias<\/p>\n<p>&nbsp;<\/p>\n<p>Silvia es una de las productoras de ar\u00e1ndano certificadas por el COPAE. La han entrevistado en el programa \u201cYo soy Rural\u201d de la La Red Asturiana de Desarrollo Rural (READER). Ten\u00e9is un <a href=\"https:\/\/www.youtube.com\/watch?v=RLk_ymt2K-s\">enlace a la entrevista completa aqu\u00ed.<\/a><\/p>\n","protected":false},"excerpt":{"rendered":"<p>Se acerca la temporada del ar\u00e1ndano ecol\u00f3gico, un fruto que ofrece un sabor y cualidades incre\u00edbles y que es estandarte de la producci\u00f3n ecol\u00f3gica en Asturias &nbsp; Silvia es una de las productoras de ar\u00e1ndano certificadas por el COPAE. La han entrevistado en el programa \u201cYo soy Rural\u201d de la La Red Asturiana de Desarrollo&#8230;<\/p>\n","protected":false},"author":5,"featured_media":20767,"comment_status":"closed","ping_status":"closed","sticky":false,"template":"","format":"standard","meta":[],"categories":[196],"tags":[],"_links":{"self":[{"href":"https:\/\/copaeastur.org\/en\/wp-json\/wp\/v2\/posts\/20766"}],"collection":[{"href":"https:\/\/copaeastur.org\/en\/wp-json\/wp\/v2\/posts"}],"about":[{"href":"https:\/\/copaeastur.org\/en\/wp-json\/wp\/v2\/types\/post"}],"author":[{"embeddable":true,"href":"https:\/\/copaeastur.org\/en\/wp-json\/wp\/v2\/users\/5"}],"replies":[{"embeddable":true,"href":"https:\/\/copaeastur.org\/en\/wp-json\/wp\/v2\/comments?post=20766"}],"version-history":[{"count":2,"href":"https:\/\/copaeastur.org\/en\/wp-json\/wp\/v2\/posts\/20766\/revisions"}],"predecessor-version":[{"id":20771,"href":"https:\/\/copaeastur.org\/en\/wp-json\/wp\/v2\/posts\/20766\/revisions\/20771"}],"wp:featuredmedia":[{"embeddable":true,"href":"https:\/\/copaeastur.org\/en\/wp-json\/wp\/v2\/media\/20767"}],"wp:attachment":[{"href":"https:\/\/copaeastur.org\/en\/wp-json\/wp\/v2\/media?parent=20766"}],"wp:term":[{"taxonomy":"category","embeddable":true,"href":"https:\/\/copaeastur.org\/en\/wp-json\/wp\/v2\/categories?post=20766"},{"taxonomy":"post_tag","embeddable":true,"href":"https:\/\/copaeastur.org\/en\/wp-json\/wp\/v2\/tags?post=20766"}],"curies":[{"name":"wp","href":"https:\/\/api.w.org\/{rel}","templated":true}]}}