{"id":19830,"date":"2022-05-19T18:42:09","date_gmt":"2022-05-19T18:42:09","guid":{"rendered":"https:\/\/www.copaeastur.org\/?p=19830"},"modified":"2026-01-21T18:47:28","modified_gmt":"2026-01-21T18:47:28","slug":"copae-informa-26-de-mayo-jornada-de-emprendimiento-rural-auditorio-escuela-de-minas-de-oviedo-de-9-30-a-14-horas-organiza-oviedo-emprende","status":"publish","type":"post","link":"https:\/\/copaeastur.org\/en\/copae-informa-26-de-mayo-jornada-de-emprendimiento-rural-auditorio-escuela-de-minas-de-oviedo-de-9-30-a-14-horas-organiza-oviedo-emprende\/","title":{"rendered":"COPAE INFORMA. 26 de MAYO: Jornada de Emprendimiento Rural. Auditorio Escuela de Minas de Oviedo. De 9.30 a 14 horas. ORGANIZA: Oviedo Emprende"},"content":{"rendered":"<p>&nbsp;<\/p>\n<h4>\u00a0Tienes toda la informaci\u00f3n e inscripciones en este enlace:<\/h4>\n<ul>\n<li style=\"list-style-type: none;\">\n<ul>\n<li><span style=\"color: #0000ff;\"><a style=\"color: #0000ff;\" href=\"https:\/\/oviedoemprende.es\/evento\/jornada-emprendimiento-rural\/\" target=\"_blank\" rel=\"noopener noreferrer\">Jornada de Emprendimiento Rural &#8211; Oviedo Emprend<\/a>e<\/span>.<\/li>\n<\/ul>\n<\/li>\n<\/ul>\n<p>&nbsp;<\/p>\n<p>El jueves 26 de mayo de 11:00 a 11:30 horas y dentro de la Jornada de Emprendimiento Rural organizada por Oviedo Emprende, Carlos Nu\u00f1o, director t\u00e9cnico del Consejo de la Producci\u00f3n Agraria Ecol\u00f3gica de Asturias, COPAE, aborda la ponencia \u201c<strong>De la granja a la mesa: Oportunidades para la producci\u00f3n agr\u00edcola ecol\u00f3gica en el entorno periurbano\u201d<\/strong>. Por su parte, en la mesa redonda<strong> \u201cExperiencias de Emprendimiento\u201d <\/strong>participa Leandro Mel\u00e9ndez de Funginatur, productor de hongos ecol\u00f3gicos certificado por COPAE.<\/p>\n<p>&nbsp;<\/p>\n<p>El objetivo de esta Jornada de Emprendimiento Rural es, por una parte, analizar las oportunidades de la agricultura periurbana de proximidad y, por otra, exponer qu\u00e9 recursos t\u00e9cnicos y financieros de apoyo al emprendimiento en este \u00e1mbito hay disponibles en el municipio de Oviedo.<\/p>\n<p>&nbsp;<\/p>\n<p>La Jornada se completa con un espacio expositivo a trav\u00e9s del cual se dan a conocer experiencias de emprendimiento en el \u00e1mbito rural.<\/p>\n<p><img decoding=\"async\" loading=\"lazy\" class=\"aligncenter size-full wp-image-19831\" src=\"https:\/\/www.copaeastur.org\/wp-content\/uploads\/2022\/05\/Cartel_JornadaDeEmprendimientoRural_1920x1080_web.jpg\" alt=\"\" width=\"1920\" height=\"1080\" srcset=\"https:\/\/copaeastur.org\/wp-content\/uploads\/2022\/05\/Cartel_JornadaDeEmprendimientoRural_1920x1080_web.jpg 1920w, https:\/\/copaeastur.org\/wp-content\/uploads\/2022\/05\/Cartel_JornadaDeEmprendimientoRural_1920x1080_web-300x169.jpg 300w, https:\/\/copaeastur.org\/wp-content\/uploads\/2022\/05\/Cartel_JornadaDeEmprendimientoRural_1920x1080_web-768x432.jpg 768w, https:\/\/copaeastur.org\/wp-content\/uploads\/2022\/05\/Cartel_JornadaDeEmprendimientoRural_1920x1080_web-1024x576.jpg 1024w\" sizes=\"(max-width: 1920px) 100vw, 1920px\" \/><\/p>\n","protected":false},"excerpt":{"rendered":"<p>&nbsp; \u00a0Tienes toda la informaci\u00f3n e inscripciones en este enlace: Jornada de Emprendimiento Rural &#8211; Oviedo Emprende. &nbsp; El jueves 26 de mayo de 11:00 a 11:30 horas y dentro de la Jornada de Emprendimiento Rural organizada por Oviedo Emprende, Carlos Nu\u00f1o, director t\u00e9cnico del Consejo de la Producci\u00f3n Agraria Ecol\u00f3gica de Asturias, COPAE, aborda&#8230;<\/p>\n","protected":false},"author":2,"featured_media":0,"comment_status":"closed","ping_status":"closed","sticky":false,"template":"","format":"standard","meta":[],"categories":[1],"tags":[],"_links":{"self":[{"href":"https:\/\/copaeastur.org\/en\/wp-json\/wp\/v2\/posts\/19830"}],"collection":[{"href":"https:\/\/copaeastur.org\/en\/wp-json\/wp\/v2\/posts"}],"about":[{"href":"https:\/\/copaeastur.org\/en\/wp-json\/wp\/v2\/types\/post"}],"author":[{"embeddable":true,"href":"https:\/\/copaeastur.org\/en\/wp-json\/wp\/v2\/users\/2"}],"replies":[{"embeddable":true,"href":"https:\/\/copaeastur.org\/en\/wp-json\/wp\/v2\/comments?post=19830"}],"version-history":[{"count":5,"href":"https:\/\/copaeastur.org\/en\/wp-json\/wp\/v2\/posts\/19830\/revisions"}],"predecessor-version":[{"id":19838,"href":"https:\/\/copaeastur.org\/en\/wp-json\/wp\/v2\/posts\/19830\/revisions\/19838"}],"wp:attachment":[{"href":"https:\/\/copaeastur.org\/en\/wp-json\/wp\/v2\/media?parent=19830"}],"wp:term":[{"taxonomy":"category","embeddable":true,"href":"https:\/\/copaeastur.org\/en\/wp-json\/wp\/v2\/categories?post=19830"},{"taxonomy":"post_tag","embeddable":true,"href":"https:\/\/copaeastur.org\/en\/wp-json\/wp\/v2\/tags?post=19830"}],"curies":[{"name":"wp","href":"https:\/\/api.w.org\/{rel}","templated":true}]}}