{"id":19802,"date":"2022-05-09T08:18:04","date_gmt":"2022-05-09T08:18:04","guid":{"rendered":"https:\/\/www.copaeastur.org\/?p=19802"},"modified":"2026-01-21T18:47:28","modified_gmt":"2026-01-21T18:47:28","slug":"nueva-junta-directiva-de-intereco-la-asociacion-sin-animo-de-lucro-que-agrupa-a-las-autoridades-publicas-de-control-ecologico","status":"publish","type":"post","link":"https:\/\/copaeastur.org\/en\/nueva-junta-directiva-de-intereco-la-asociacion-sin-animo-de-lucro-que-agrupa-a-las-autoridades-publicas-de-control-ecologico\/","title":{"rendered":"NUEVA JUNTA DIRECTIVA DE INTERECO, LA ASOCIACI\u00d3N SIN \u00c1NIMO DE LUCRO QUE AGRUPA A LAS AUTORIDADES P\u00daBLICAS DE CONTROL ECOL\u00d3GICO"},"content":{"rendered":"<p><strong>La Asamblea General de INTERECO, <\/strong>Asociaci\u00f3n sin \u00c1nimo de Lucro que agrupa a las autoridades p\u00fablicas de control de la producci\u00f3n ecol\u00f3gica de Espa\u00f1a, y en la que se integra el COPAE, <strong>eligi\u00f3 el pasado d\u00eda 24 de marzo a su nueva Junta Directiva para los pr\u00f3ximos tres a\u00f1os:<\/strong><\/p>\n<p><strong>\u00a0<\/strong><\/p>\n<ul>\n<li style=\"list-style-type: none;\">\n<ul>\n<li><strong>Iker Iglesias Egia<\/strong>, del Consejo de Agricultura y Alimentaci\u00f3n Ecol\u00f3gica de Euskadi-ENEEK, asume la presidencia de la asociaci\u00f3n.<\/li>\n<li><strong>David Samper Mart\u00ednez,<\/strong> del Consejo de Agricultura Ecol\u00f3gica de la Regi\u00f3n de Murcia-CAERM, ejercer\u00e1 las funciones de secretar\u00eda y vicepresidencia.<\/li>\n<li><strong>Alessandro Baldassarri Pou, <\/strong>del CONSELL CATAL\u00c0 DE LA PRODUCCI\u00d3 AGR\u00c0RIA ECOL\u00d2GICA-CCPAE, se encargar\u00e1 de las relativas a la tesorer\u00eda y vicepresidencia.<\/li>\n<\/ul>\n<\/li>\n<\/ul>\n<p>&nbsp;<\/p>\n<p>Se vislumbra un periodo interesante e importante para INTERECO, que deber\u00e1 afrontar temas de calado para la certificaci\u00f3n p\u00fablica del producto ecol\u00f3gico, en un contexto en el que la producci\u00f3n y abastecimiento de materias primas para el sector ecol\u00f3gico se enfrenta a grandes retos, debido a los cambios de consumo y productivos originados en los \u00faltimos tiempos, intensificados por la gesti\u00f3n de la pandemia y la guerra de Ucrania y sus consecuencias.<\/p>\n<p>&nbsp;<\/p>\n<p>COPAE, junto a INTERECO, reafirma su apuesta por un sistema de certificaci\u00f3n p\u00fablica, consistente en la existencia de una \u00fanica autoridad de control por cada Comunidad Aut\u00f3noma, con forma jur\u00eddica propia y sin \u00e1nimo de lucro, a la que la autoridad competente confiere las funciones del control y la certificaci\u00f3n ecol\u00f3gica.<\/p>\n<p>&nbsp;<\/p>\n<p>M\u00e1s informaci\u00f3n en este enlace: <a href=\"https:\/\/interecoweb.com\/iker-iglesias-egia-nuevo-presidente-de-intereco\/\" target=\"_blank\" rel=\"noopener noreferrer\">Nueva Junta Directiva de INTERECO<\/a>.<\/p>\n<p>&nbsp;<\/p>\n<p><img decoding=\"async\" loading=\"lazy\" class=\"aligncenter size-full wp-image-19805\" src=\"https:\/\/www.copaeastur.org\/wp-content\/uploads\/2022\/05\/01-Imagen.png\" alt=\"\" width=\"731\" height=\"627\" srcset=\"https:\/\/copaeastur.org\/wp-content\/uploads\/2022\/05\/01-Imagen.png 731w, https:\/\/copaeastur.org\/wp-content\/uploads\/2022\/05\/01-Imagen-300x257.png 300w\" sizes=\"(max-width: 731px) 100vw, 731px\" \/><\/p>\n","protected":false},"excerpt":{"rendered":"<p>La Asamblea General de INTERECO, Asociaci\u00f3n sin \u00c1nimo de Lucro que agrupa a las autoridades p\u00fablicas de control de la producci\u00f3n ecol\u00f3gica de Espa\u00f1a, y en la que se integra el COPAE, eligi\u00f3 el pasado d\u00eda 24 de marzo a su nueva Junta Directiva para los pr\u00f3ximos tres a\u00f1os: \u00a0 Iker Iglesias Egia, del Consejo&#8230;<\/p>\n","protected":false},"author":2,"featured_media":0,"comment_status":"closed","ping_status":"closed","sticky":false,"template":"","format":"standard","meta":[],"categories":[1],"tags":[],"_links":{"self":[{"href":"https:\/\/copaeastur.org\/en\/wp-json\/wp\/v2\/posts\/19802"}],"collection":[{"href":"https:\/\/copaeastur.org\/en\/wp-json\/wp\/v2\/posts"}],"about":[{"href":"https:\/\/copaeastur.org\/en\/wp-json\/wp\/v2\/types\/post"}],"author":[{"embeddable":true,"href":"https:\/\/copaeastur.org\/en\/wp-json\/wp\/v2\/users\/2"}],"replies":[{"embeddable":true,"href":"https:\/\/copaeastur.org\/en\/wp-json\/wp\/v2\/comments?post=19802"}],"version-history":[{"count":4,"href":"https:\/\/copaeastur.org\/en\/wp-json\/wp\/v2\/posts\/19802\/revisions"}],"predecessor-version":[{"id":19809,"href":"https:\/\/copaeastur.org\/en\/wp-json\/wp\/v2\/posts\/19802\/revisions\/19809"}],"wp:attachment":[{"href":"https:\/\/copaeastur.org\/en\/wp-json\/wp\/v2\/media?parent=19802"}],"wp:term":[{"taxonomy":"category","embeddable":true,"href":"https:\/\/copaeastur.org\/en\/wp-json\/wp\/v2\/categories?post=19802"},{"taxonomy":"post_tag","embeddable":true,"href":"https:\/\/copaeastur.org\/en\/wp-json\/wp\/v2\/tags?post=19802"}],"curies":[{"name":"wp","href":"https:\/\/api.w.org\/{rel}","templated":true}]}}