{"id":19651,"date":"2022-03-31T11:22:25","date_gmt":"2022-03-31T11:22:25","guid":{"rendered":"https:\/\/www.copaeastur.org\/?p=19651"},"modified":"2026-01-21T18:47:29","modified_gmt":"2026-01-21T18:47:29","slug":"alimentos-ecologicos-de-asturias-en-alimentaria-2022-del-4-al-7-de-abril-barcelona-recinto-gran-via","status":"publish","type":"post","link":"https:\/\/copaeastur.org\/en\/alimentos-ecologicos-de-asturias-en-alimentaria-2022-del-4-al-7-de-abril-barcelona-recinto-gran-via\/","title":{"rendered":"ALIMENTOS ECOL\u00d3GICOS DE ASTURIAS EN ALIMENTARIA 2022. Del 4 al 7 de abril. BARCELONA &#8211; RECINTO GRAN V\u00cdA"},"content":{"rendered":"<p>Despu\u00e9s de 4 a\u00f1os, vuelve la feria Alimentaria, el \u2018Sal\u00f3n Internacional de Alimentaci\u00f3n, Bebidas &amp; Food Service\u2019, del 4 al 7 de abril de 2022.<\/p>\n<p>&nbsp;<\/p>\n<p>El espacio reservado a los productos ECO est\u00e1 en el pabell\u00f3n 5 del Recinto Gran V\u00eda de Barcelona, con la presencia de 7 empresas certificadas por el COPAE, ofreciendo alimentos ecol\u00f3gicos de Asturias como quesos, yogures, postres l\u00e1cteos, sidra natural, zumos, conservas de frutas y verduras, espelta, miel o crema de cacao.<\/p>\n<p>&nbsp;<\/p>\n<p>Las empresas certificadas por el COPAE en Alimentaria 2022, son las siguientes:<\/p>\n<ol>\n<li>Caser\u00eda La Madera. (Stand 501-3): <img decoding=\"async\" loading=\"lazy\" class=\"wp-image-19660 alignright\" src=\"https:\/\/www.copaeastur.org\/wp-content\/uploads\/2022\/03\/Plano-1.jpg\" alt=\"\" width=\"331\" height=\"274\" srcset=\"https:\/\/copaeastur.org\/wp-content\/uploads\/2022\/03\/Plano-1.jpg 490w, https:\/\/copaeastur.org\/wp-content\/uploads\/2022\/03\/Plano-1-300x249.jpg 300w\" sizes=\"(max-width: 331px) 100vw, 331px\" \/><\/li>\n<\/ol>\n<ul>\n<li style=\"list-style-type: none;\">\n<ul>\n<li><a href=\"https:\/\/ecatalogue.firabarcelona.com\/AlimentariaHostelco\/exhibitor\/201904\/detail?lang=es_ES\" target=\"_blank\" rel=\"noopener noreferrer\">Hacer clic aqu\u00ed para ver informaci\u00f3n en el Cat\u00e1logo Oficial de Alimentaria<\/a><\/li>\n<\/ul>\n<\/li>\n<\/ul>\n<ol start=\"2\">\n<li>Los Caserinos. (Stand 501-4):<\/li>\n<\/ol>\n<ul>\n<li style=\"list-style-type: none;\">\n<ul>\n<li><a href=\"https:\/\/ecatalogue.firabarcelona.com\/AlimentariaHostelco\/exhibitor\/201894\/detail?lang=es_ES\" target=\"_blank\" rel=\"noopener noreferrer\">Hacer clic aqu\u00ed para ver informaci\u00f3n en el Cat\u00e1logo Oficial de Alimentaria<\/a><\/li>\n<\/ul>\n<\/li>\n<\/ul>\n<ol start=\"3\">\n<li>Kikiricoop (Stand 501-6):<\/li>\n<\/ol>\n<ul>\n<li style=\"list-style-type: none;\">\n<ul>\n<li><a href=\"https:\/\/ecatalogue.firabarcelona.com\/AlimentariaHostelco\/exhibitor\/201929\/detail?lang=es_ES\" target=\"_blank\" rel=\"noopener noreferrer\">Hacer clic aqu\u00ed para ver informaci\u00f3n en el Cat\u00e1logo Oficial de Alimentaria<\/a><\/li>\n<\/ul>\n<\/li>\n<\/ul>\n<ol start=\"4\">\n<li>Olaya miel (Stand 501-9):<\/li>\n<\/ol>\n<ul>\n<li style=\"list-style-type: none;\">\n<ul>\n<li><a href=\"https:\/\/ecatalogue.firabarcelona.com\/AlimentariaHostelco\/exhibitor\/201906\/detail?lang=es_ES\" target=\"_blank\" rel=\"noopener noreferrer\">Hacer clic aqu\u00ed para ver informaci\u00f3n en el Cat\u00e1logo Oficial de Alimentaria<\/a><\/li>\n<\/ul>\n<\/li>\n<\/ul>\n<ol start=\"5\">\n<li>Neoalgae (Stand 551-9):<\/li>\n<\/ol>\n<ul>\n<li style=\"list-style-type: none;\">\n<ul>\n<li><a href=\"https:\/\/ecatalogue.firabarcelona.com\/AlimentariaHostelco\/exhibitor\/40916\/detail?lang=es_ES\" target=\"_blank\" rel=\"noopener noreferrer\">Hacer clic aqu\u00ed para ver informaci\u00f3n en el Cat\u00e1logo Oficial de Alimentaria<\/a><\/li>\n<\/ul>\n<\/li>\n<\/ul>\n<ol start=\"6\">\n<li>Agrecoastur (Stand 551-10):<\/li>\n<\/ol>\n<ul>\n<li style=\"list-style-type: none;\">\n<ul>\n<li><a href=\"https:\/\/ecatalogue.firabarcelona.com\/AlimentariaHostelco\/exhibitor\/201872\/detail?lang=es_ES\" target=\"_blank\" rel=\"noopener noreferrer\">Hacer clic aqu\u00ed para ver informaci\u00f3n en el Cat\u00e1logo Oficial de Alimentaria<\/a><\/li>\n<\/ul>\n<\/li>\n<\/ul>\n<ol start=\"7\">\n<li>Escanda Asturiana. (Stand 601-2)<\/li>\n<\/ol>\n<ul>\n<li style=\"list-style-type: none;\">\n<ul>\n<li><a href=\"https:\/\/ecatalogue.firabarcelona.com\/AlimentariaHostelco\/exhibitor\/40910\/detail?lang=es_ES\" target=\"_blank\" rel=\"noopener noreferrer\">Hacer clic aqu\u00ed para ver informaci\u00f3n en el Cat\u00e1logo Oficial de Alimentaria<\/a><\/li>\n<\/ul>\n<\/li>\n<\/ul>\n<p>&nbsp;<\/p>\n<p><strong>Alimentaria 2022<\/strong><\/p>\n<p>Alimentaria es un evento internacional de referencia para todos los profesionales de la industria de la alimentaci\u00f3n, bebidas y food service. Una cita obligada con la innovaci\u00f3n, las \u00faltimas tendencias y la internacionalizaci\u00f3n del sector.<\/p>\n<p>&nbsp;<\/p>\n<p>Este evento reuni\u00f3 en su \u00faltima edici\u00f3n de 2018 a 4.500 empresas y 150.000 visitantes profesionales, un 25% de procedencia internacional.<\/p>\n<p>&nbsp;<\/p>\n<p>Alimentaria 2022 potencia sus valores \u00fanicos y diferenciales: la internacionalizaci\u00f3n, innovaci\u00f3n, gastronom\u00eda y especializaci\u00f3n sectorial. La feria ofrece tambi\u00e9n una atractiva oferta en base a los mercados clave de la industria alimentaria y sus tendencias de consumo.<\/p>\n<p>Toda la informaci\u00f3n sobre Alimentaria en: <a href=\"https:\/\/www.alimentaria.com\/\" target=\"_blank\" rel=\"noopener noreferrer\">https:\/\/www.alimentaria.com\/<\/a><\/p>\n<p>&nbsp;<\/p>\n<p><img decoding=\"async\" loading=\"lazy\" class=\"aligncenter size-full wp-image-19680\" src=\"https:\/\/www.copaeastur.org\/wp-content\/uploads\/2022\/03\/Fotos-varias-1.jpg\" alt=\"\" width=\"1243\" height=\"350\" srcset=\"https:\/\/copaeastur.org\/wp-content\/uploads\/2022\/03\/Fotos-varias-1.jpg 1243w, https:\/\/copaeastur.org\/wp-content\/uploads\/2022\/03\/Fotos-varias-1-300x84.jpg 300w, https:\/\/copaeastur.org\/wp-content\/uploads\/2022\/03\/Fotos-varias-1-768x216.jpg 768w, https:\/\/copaeastur.org\/wp-content\/uploads\/2022\/03\/Fotos-varias-1-1024x288.jpg 1024w\" sizes=\"(max-width: 1243px) 100vw, 1243px\" \/><\/p>\n","protected":false},"excerpt":{"rendered":"<p>Despu\u00e9s de 4 a\u00f1os, vuelve la feria Alimentaria, el \u2018Sal\u00f3n Internacional de Alimentaci\u00f3n, Bebidas &amp; Food Service\u2019, del 4 al 7 de abril de 2022. &nbsp; El espacio reservado a los productos ECO est\u00e1 en el pabell\u00f3n 5 del Recinto Gran V\u00eda de Barcelona, con la presencia de 7 empresas certificadas por el COPAE, ofreciendo&#8230;<\/p>\n","protected":false},"author":2,"featured_media":0,"comment_status":"closed","ping_status":"closed","sticky":false,"template":"","format":"standard","meta":[],"categories":[1,174],"tags":[],"_links":{"self":[{"href":"https:\/\/copaeastur.org\/en\/wp-json\/wp\/v2\/posts\/19651"}],"collection":[{"href":"https:\/\/copaeastur.org\/en\/wp-json\/wp\/v2\/posts"}],"about":[{"href":"https:\/\/copaeastur.org\/en\/wp-json\/wp\/v2\/types\/post"}],"author":[{"embeddable":true,"href":"https:\/\/copaeastur.org\/en\/wp-json\/wp\/v2\/users\/2"}],"replies":[{"embeddable":true,"href":"https:\/\/copaeastur.org\/en\/wp-json\/wp\/v2\/comments?post=19651"}],"version-history":[{"count":10,"href":"https:\/\/copaeastur.org\/en\/wp-json\/wp\/v2\/posts\/19651\/revisions"}],"predecessor-version":[{"id":19688,"href":"https:\/\/copaeastur.org\/en\/wp-json\/wp\/v2\/posts\/19651\/revisions\/19688"}],"wp:attachment":[{"href":"https:\/\/copaeastur.org\/en\/wp-json\/wp\/v2\/media?parent=19651"}],"wp:term":[{"taxonomy":"category","embeddable":true,"href":"https:\/\/copaeastur.org\/en\/wp-json\/wp\/v2\/categories?post=19651"},{"taxonomy":"post_tag","embeddable":true,"href":"https:\/\/copaeastur.org\/en\/wp-json\/wp\/v2\/tags?post=19651"}],"curies":[{"name":"wp","href":"https:\/\/api.w.org\/{rel}","templated":true}]}}