{"id":19163,"date":"2020-12-22T12:57:43","date_gmt":"2020-12-22T12:57:43","guid":{"rendered":"https:\/\/www.copaeastur.org\/?p=19163"},"modified":"2020-12-30T23:54:08","modified_gmt":"2020-12-30T23:54:08","slug":"fotografia-ganadora-concurso-calendario-2021","status":"publish","type":"post","link":"https:\/\/copaeastur.org\/en\/fotografia-ganadora-concurso-calendario-2021\/","title":{"rendered":"Fotograf\u00eda Ganadora Concurso Calendario 2021"},"content":{"rendered":"<p>En la primera edici\u00f3n del concurso se presentaron m\u00e1s de 150 fotograf\u00edas, lo que supone una muy buena participaci\u00f3n.<\/p>\n<p>El jurado, integrado por el dise\u00f1ador gr\u00e1fico H\u00e9ctor Casta\u00f1\u00f3n, el fot\u00f3grafo Pablo Casanueva y, por parte del COPAE, \u00c1ngeles Men\u00e9ndez y Susana Ar\u00e9valo, eligi\u00f3 la foto ganadora. El autor se lleva de premio un vale para una comida o cena para dos personas, a disfrutar en 2021, en alguno de los restaurantes colaboradores del COPAE.<br \/>\nAdem\u00e1s, se seleccionaron 12 fotograf\u00edas finalistas m\u00e1s para publicar una en cada mes del a\u00f1o del calendario del COPAE.<\/p>\n<p>? Foto Ganadora:<br \/>\n&#8220;Silencio&#8221;, de Pablo Ruiz Iba\u00f1ez<\/p>\n<p><img decoding=\"async\" loading=\"lazy\" class=\"alignnone size-medium wp-image-19166\" src=\"https:\/\/www.copaeastur.org\/wp-content\/uploads\/2020\/12\/IMG_5166-300x300.jpg\" alt=\"\" width=\"300\" height=\"300\" \/><\/p>\n<p>Fotos seleccionadas:<br \/>\n?&#8221;Shiitake de roble asturiano, cuando lo pruebes notar\u00e1s la diferencia&#8221;, de Maria Dolores Monge<br \/>\n?&#8221;Ilusi\u00f3n ecol\u00f3gica&#8221;, de Jose Mosquera Barettino<br \/>\n?&#8221;Panch\u00f3n&#8221;, de Ana L\u00f3pez<br \/>\n?&#8221;Girasoles&#8221;, de Adrian Hopkins<br \/>\n?&#8221;Vida&#8221;, de Cristina Secades Cicero<br \/>\n?&#8221;Secando les fabines al sol&#8221;, de Sara<br \/>\n?&#8221;Descansando en el para\u00edso&#8221;, de Laura P\u00e9rez Llano<br \/>\n?&#8221;El l.lugar onde nacimos, el l.lugar onde crecimos&#8221;, de Sara Remis del Hoyo<br \/>\n?&#8221;Una de Raxao&#8221;, de Javi Riestra<br \/>\n?&#8221;El futuro ecol\u00f3gico&#8221;, de Gaspar Llerandi<br \/>\n?&#8221;La senda del Para\u00edso&#8221;, de Olaya P\u00e9rez Fern\u00e1ndez<br \/>\n?&#8221;Sin jaulas&#8221;, de Noelia Garcia<\/p>\n<p>Las pod\u00e9is ver en el Instagram del COPAE <a href=\"https:\/\/www.instagram.com\/copaeasturias\/\">@copaeasturias<\/a>.<br \/>\nEnhorabuena a todos y todas. S\u00f3lo podemos dar las gracias a todas las personas por vuestra participaci\u00f3n.<\/p>\n<p>&nbsp;<\/p>\n","protected":false},"excerpt":{"rendered":"<p>En la primera edici\u00f3n del concurso se presentaron m\u00e1s de 150 fotograf\u00edas, lo que supone una muy buena participaci\u00f3n. El jurado, integrado por el dise\u00f1ador gr\u00e1fico H\u00e9ctor Casta\u00f1\u00f3n, el fot\u00f3grafo Pablo Casanueva y, por parte del COPAE, \u00c1ngeles Men\u00e9ndez y Susana Ar\u00e9valo, eligi\u00f3 la foto ganadora. El autor se lleva de premio un vale para&#8230;<\/p>\n","protected":false},"author":2,"featured_media":19166,"comment_status":"closed","ping_status":"closed","sticky":false,"template":"","format":"standard","meta":[],"categories":[1],"tags":[],"_links":{"self":[{"href":"https:\/\/copaeastur.org\/en\/wp-json\/wp\/v2\/posts\/19163"}],"collection":[{"href":"https:\/\/copaeastur.org\/en\/wp-json\/wp\/v2\/posts"}],"about":[{"href":"https:\/\/copaeastur.org\/en\/wp-json\/wp\/v2\/types\/post"}],"author":[{"embeddable":true,"href":"https:\/\/copaeastur.org\/en\/wp-json\/wp\/v2\/users\/2"}],"replies":[{"embeddable":true,"href":"https:\/\/copaeastur.org\/en\/wp-json\/wp\/v2\/comments?post=19163"}],"version-history":[{"count":4,"href":"https:\/\/copaeastur.org\/en\/wp-json\/wp\/v2\/posts\/19163\/revisions"}],"predecessor-version":[{"id":19196,"href":"https:\/\/copaeastur.org\/en\/wp-json\/wp\/v2\/posts\/19163\/revisions\/19196"}],"wp:featuredmedia":[{"embeddable":true,"href":"https:\/\/copaeastur.org\/en\/wp-json\/wp\/v2\/media\/19166"}],"wp:attachment":[{"href":"https:\/\/copaeastur.org\/en\/wp-json\/wp\/v2\/media?parent=19163"}],"wp:term":[{"taxonomy":"category","embeddable":true,"href":"https:\/\/copaeastur.org\/en\/wp-json\/wp\/v2\/categories?post=19163"},{"taxonomy":"post_tag","embeddable":true,"href":"https:\/\/copaeastur.org\/en\/wp-json\/wp\/v2\/tags?post=19163"}],"curies":[{"name":"wp","href":"https:\/\/api.w.org\/{rel}","templated":true}]}}