{"id":19066,"date":"2020-09-24T17:18:54","date_gmt":"2020-09-24T17:18:54","guid":{"rendered":"https:\/\/www.copaeastur.org\/?p=19066"},"modified":"2020-09-24T17:20:54","modified_gmt":"2020-09-24T17:20:54","slug":"feria-agropec","status":"publish","type":"post","link":"https:\/\/copaeastur.org\/en\/feria-agropec\/","title":{"rendered":"Feria Agropec"},"content":{"rendered":"<p>Del 25 al 27 de septiembre tendr\u00e1 lugar en el Recinto Ferial de Asturias Luis Adaro de Gij\u00f3n la 34 feria del campo.<br \/>\n&nbsp;<br \/>\nPod\u00e9is visitar la feria de 11:00 a 20:00, en el pabell\u00f3n 1, junto a la exposici\u00f3n de la Huerta Familiar Asturiana, pod\u00e9is encontrar  un grupo de productores del COPAE  que estar\u00e1 con alimentos ecol\u00f3gicos.<br \/>\n&nbsp;<br \/>\n<img decoding=\"async\" loading=\"lazy\" src=\"https:\/\/www.copaeastur.org\/wp-content\/uploads\/2020\/09\/agropec-216x300.jpg\" alt=\"\" width=\"216\" height=\"300\" class=\"alignnone size-medium wp-image-19063\" srcset=\"https:\/\/copaeastur.org\/wp-content\/uploads\/2020\/09\/agropec-216x300.jpg 216w, https:\/\/copaeastur.org\/wp-content\/uploads\/2020\/09\/agropec.jpg 690w\" sizes=\"(max-width: 216px) 100vw, 216px\" \/><\/p>\n","protected":false},"excerpt":{"rendered":"<p>Del 25 al 27 de septiembre tendr\u00e1 lugar en el Recinto Ferial de Asturias Luis Adaro de Gij\u00f3n la 34 feria del campo. &nbsp; Pod\u00e9is visitar la feria de 11:00 a 20:00, en el pabell\u00f3n 1, junto a la exposici\u00f3n de la Huerta Familiar Asturiana, pod\u00e9is encontrar un grupo de productores del COPAE que estar\u00e1&#8230;<\/p>\n","protected":false},"author":2,"featured_media":0,"comment_status":"closed","ping_status":"closed","sticky":false,"template":"","format":"standard","meta":[],"categories":[174],"tags":[],"_links":{"self":[{"href":"https:\/\/copaeastur.org\/en\/wp-json\/wp\/v2\/posts\/19066"}],"collection":[{"href":"https:\/\/copaeastur.org\/en\/wp-json\/wp\/v2\/posts"}],"about":[{"href":"https:\/\/copaeastur.org\/en\/wp-json\/wp\/v2\/types\/post"}],"author":[{"embeddable":true,"href":"https:\/\/copaeastur.org\/en\/wp-json\/wp\/v2\/users\/2"}],"replies":[{"embeddable":true,"href":"https:\/\/copaeastur.org\/en\/wp-json\/wp\/v2\/comments?post=19066"}],"version-history":[{"count":2,"href":"https:\/\/copaeastur.org\/en\/wp-json\/wp\/v2\/posts\/19066\/revisions"}],"predecessor-version":[{"id":19068,"href":"https:\/\/copaeastur.org\/en\/wp-json\/wp\/v2\/posts\/19066\/revisions\/19068"}],"wp:attachment":[{"href":"https:\/\/copaeastur.org\/en\/wp-json\/wp\/v2\/media?parent=19066"}],"wp:term":[{"taxonomy":"category","embeddable":true,"href":"https:\/\/copaeastur.org\/en\/wp-json\/wp\/v2\/categories?post=19066"},{"taxonomy":"post_tag","embeddable":true,"href":"https:\/\/copaeastur.org\/en\/wp-json\/wp\/v2\/tags?post=19066"}],"curies":[{"name":"wp","href":"https:\/\/api.w.org\/{rel}","templated":true}]}}