{"id":18830,"date":"2020-02-26T13:03:52","date_gmt":"2020-02-26T13:03:52","guid":{"rendered":"https:\/\/www.copaeastur.org\/?p=18830"},"modified":"2020-02-26T13:03:52","modified_gmt":"2020-02-26T13:03:52","slug":"v-jornadas-del-orgullo-rural","status":"publish","type":"post","link":"https:\/\/copaeastur.org\/en\/v-jornadas-del-orgullo-rural\/","title":{"rendered":"V Jornadas del Orgullo Rural"},"content":{"rendered":"<div id=\"js_cn\" class=\"_5pbx userContent _3576\" data-testid=\"post_message\" data-ft=\"{&quot;tn&quot;:&quot;K&quot;}\">\n<p>La Escuela de Selvicultura de Tineo organiza las V Jornadas del Orgullo Rural. Este a\u00f1o se dedican a la Transici\u00f3n Ecol\u00f3gica. Productores, t\u00e9cnicos e investigadores hablar\u00e1n sobre\u00a0 producci\u00f3n ecol\u00f3gica los d\u00edas 4 y 5 de marzo.<br \/>\nM\u00e1s informaci\u00f3n\u00a0 e inscripciones en:<br \/>\n<span class=\"_5mfr\"><span class=\"_6qdm\">?<\/span><\/span><a href=\"https:\/\/selvicultura.blogspot.com\/p\/jornadas-del-orgullo-rural.html\" target=\"_blank\" rel=\"noopener nofollow noreferrer\" data-ft=\"{&quot;tn&quot;:&quot;-U&quot;}\" data-lynx-mode=\"async\" data-lynx-uri=\"https:\/\/l.facebook.com\/l.php?u=https%3A%2F%2Fselvicultura.blogspot.com%2Fp%2Fjornadas-del-orgullo-rural.html&amp;h=AT2eSVjyUJQti4PeVwBfG86pjyKB3MPMxQ16IXs979A8CHUEhQrRtvWITsIpF5kYXOo4qAloXiVfqitAq2sXm0FVOxDSuBrfzRELru6qP2Tl-FyehjRApbsf90p9UH_0iYL9XR6JwuwRXeTV8t7t-J0GCbukd4nbAhqW9ydfnUIPEz9PIxtjr83uLTQ7Fy8pKB0IqEo4W07ENMv2cWw8YI9ds1p0YOE4nX8FBlhWKvf4jbhubCxdg-KNsCO4Pj_naUgQML4X0hKo5RBqKc12RC6GLPcqJ9-g0iBg4E7s8ExEpNiH7gdv2CUfgDezKuQo4iwZb_awwjvAeV8x48pfAwpJ4HWguSMmnlCHX0VXhM3WbquQMSNQO2QcwW2wT-JVAVyU2XVa1NXgBWyfyF-XE3N0kxqrStU6KsBpy9mABFTEd6a8qzPEDeIL9lzEOpE1NktNjDeyhshaKzc2RtTKGeNZmKNHqhHM7zd8PE9I09DfzMqIkNbXRSy637rfqtySr0vgTg3WTWKo4xZuE-B5EiX3el2vWtK_JfRK_ANCgAZ68sRiwN7QhXEyz1G2N42khZSZkw7PT9i0L5d_1mChTdFk-W_B9igk2Vw2E7RklPVcJmtppxX2ZITCBlDDikY9tbE98twcUaT2yzQHJJuRmg\">http:\/\/selvicultura.blogspot.com\/p\/jornadas-del-orgullo-rur\u2026<\/a><\/p>\n<\/div>\n<div class=\"_3x-2\" data-ft=\"{&quot;tn&quot;:&quot;H&quot;}\">\n<div data-ft=\"{&quot;tn&quot;:&quot;H&quot;}\">\n<div class=\"mtm\">\n<div id=\"u_6_c\" class=\"_6m2 _1zpr clearfix _dcs _4_w4 _59ap _2bf7 _64lx _3eqz _20pq _3eqw _2rk1 _3n1j _5qqr\" data-ft=\"{&quot;tn&quot;:&quot;H&quot;}\">\n<div class=\"clearfix _2r3x\">\n<div class=\"lfloat _ohe\">\n<div class=\"_6ks\">\n<div id=\"u_6_h\" class=\"accessible_elem inlineBlock\">Blog sobre la Escuela de Selvicultura de Tineo ubicada en San Roque<\/div>\n<div class=\"_6l- __c_\"><\/div>\n<\/div>\n<\/div>\n<\/div>\n<\/div>\n<\/div>\n<\/div>\n<\/div>\n","protected":false},"excerpt":{"rendered":"<p>La Escuela de Selvicultura de Tineo organiza las V Jornadas del Orgullo Rural. Este a\u00f1o se dedican a la Transici\u00f3n Ecol\u00f3gica. Productores, t\u00e9cnicos e investigadores hablar\u00e1n sobre\u00a0 producci\u00f3n ecol\u00f3gica los d\u00edas 4 y 5 de marzo. M\u00e1s informaci\u00f3n\u00a0 e inscripciones en: ?http:\/\/selvicultura.blogspot.com\/p\/jornadas-del-orgullo-rur\u2026 Blog sobre la Escuela de Selvicultura de Tineo ubicada en San Roque<\/p>\n","protected":false},"author":2,"featured_media":0,"comment_status":"closed","ping_status":"closed","sticky":false,"template":"","format":"standard","meta":[],"categories":[1],"tags":[],"_links":{"self":[{"href":"https:\/\/copaeastur.org\/en\/wp-json\/wp\/v2\/posts\/18830"}],"collection":[{"href":"https:\/\/copaeastur.org\/en\/wp-json\/wp\/v2\/posts"}],"about":[{"href":"https:\/\/copaeastur.org\/en\/wp-json\/wp\/v2\/types\/post"}],"author":[{"embeddable":true,"href":"https:\/\/copaeastur.org\/en\/wp-json\/wp\/v2\/users\/2"}],"replies":[{"embeddable":true,"href":"https:\/\/copaeastur.org\/en\/wp-json\/wp\/v2\/comments?post=18830"}],"version-history":[{"count":1,"href":"https:\/\/copaeastur.org\/en\/wp-json\/wp\/v2\/posts\/18830\/revisions"}],"predecessor-version":[{"id":18831,"href":"https:\/\/copaeastur.org\/en\/wp-json\/wp\/v2\/posts\/18830\/revisions\/18831"}],"wp:attachment":[{"href":"https:\/\/copaeastur.org\/en\/wp-json\/wp\/v2\/media?parent=18830"}],"wp:term":[{"taxonomy":"category","embeddable":true,"href":"https:\/\/copaeastur.org\/en\/wp-json\/wp\/v2\/categories?post=18830"},{"taxonomy":"post_tag","embeddable":true,"href":"https:\/\/copaeastur.org\/en\/wp-json\/wp\/v2\/tags?post=18830"}],"curies":[{"name":"wp","href":"https:\/\/api.w.org\/{rel}","templated":true}]}}