{"id":18465,"date":"2019-04-17T09:45:02","date_gmt":"2019-04-17T09:45:02","guid":{"rendered":"http:\/\/copae.thinkaweb.com\/?p=18465"},"modified":"2026-01-21T18:49:46","modified_gmt":"2026-01-21T18:49:46","slug":"jornada-tecnica-de-debate","status":"publish","type":"post","link":"https:\/\/copaeastur.org\/en\/jornada-tecnica-de-debate\/","title":{"rendered":"Jornada T\u00e9cnica de Debate"},"content":{"rendered":"<p style=\"font-weight: 400;\">PROGRAMA DE LA JORNADA:<\/p>\n<p style=\"font-weight: 400;\"><strong>LA CONTRATACI\u00d3N P\u00daBLICA Y EL DESARROLLO DE OPORTUNIDADES PARA EL ABASTECIMIENTO DE PRODUCTOS DESDE LA PRODUCCI\u00d3N LOCAL ECOL\u00d3GICA<\/strong><\/p>\n<p style=\"text-align: center;\"><strong>23 de abril<\/strong><\/p>\n<p style=\"font-weight: 400;\"><strong>10:00 Presentaci\u00f3n\u00a0<\/strong>de la Jornada y sus objetivos<\/p>\n<p><strong>10:10 Mesa de Ponencias Marco<\/strong><\/p>\n<p style=\"font-weight: 400;\">1.-Sobre las oportunidades de la gesti\u00f3n agroecol\u00f3gica del medio rural periurbano y la rehabilitaci\u00f3n de los sistemas agroalimentarios locales tanto de la ciudad como de la aldea por\u00a0<strong>Jaime Izquierdo Vallina<\/strong>: miembro de la Catedra Pedro Molina de Estudios Campesinos de Universidad de La Laguna.<br \/>\n2.-Sobre la situaci\u00f3n del sector de producci\u00f3n Agraria Ecol\u00f3gica de Asturias (producci\u00f3n, comercializaci\u00f3n, distribuci\u00f3n, consumo).\u00a0<strong>Representante del Copae\u00a0<\/strong>(Consejo de la Producci\u00f3n Agraria Ecol\u00f3gica de Asturias).<br \/>\n3.-Sobre Experiencia del Programa de Comedores Escolares en Asturias y presentaci\u00f3n del Cuaderno de Trabajo \u201cPromoci\u00f3n de la alimentaci\u00f3n saludable, la actividad f\u00edsica y el consumo ecol\u00f3gico en los municipios asturianos\u201d. Jos\u00e9\u00a0<strong>Ram\u00f3n Hevia Fern\u00e1ndez<\/strong>, Jefe de Servicio de Promoci\u00f3n de la Salud y Participaci\u00f3n, de la Direcci\u00f3n General de Salud P\u00fablica del Principado de Asturias.<br \/>\n4.-Experiencia en articulaci\u00f3n, vertebraci\u00f3n y organizaci\u00f3n del sector productivo agroecol\u00f3gico para la comercializaci\u00f3n, distribuci\u00f3n y consumo en la Comarca de As Mari\u00f1as-Betanzos.\u00a0<strong>Jorge Blanco Ball\u00f3n<\/strong>, gerente Asociaci\u00f3n As Mari\u00f1as Betanzos.<br \/>\n5.- Experiencia en organizaci\u00f3n de producci\u00f3n, comercializaci\u00f3n, distribuci\u00f3n y con-sumo a trav\u00e9s de la compra p\u00fablica con\u00a0<strong>Eneko Vi\u00f1uela\u00a0<\/strong>Coordinador de Justicia Alimentaria en Pa\u00eds Vasco, y miembro de GURE PLATERA GURE AUKERA, en la que par-ticipan los proyectos de comedores escolares de Euskadi .<\/p>\n<p style=\"font-weight: 400;\"><strong>11:45 descanso<\/strong><\/p>\n<p><strong>12:00 Debate\u00a0<\/strong>con la participaci\u00f3n de los ponentes y los presentes sobre<strong>\u00a0la situaci\u00f3n del sector hort\u00edcola agroecol\u00f3gico en Asturias y sus posibilidades<\/strong>.<\/p>\n<p><strong>13:00 Formulaci\u00f3n colectiva de propuestas de acci\u00f3n\u00a0<\/strong>para el sector hort\u00edcola agroecol\u00f3gico en Asturias y sus posibilidades<\/p>\n<p><strong>14:30 Cierre de la Jornada por Xan Poulinquen,\u00a0<\/strong>agr\u00f3nomo agroec\u00f3logo con m\u00e1s de 30 a\u00f1os de experiencia como asesor independiente y divulgador sobre agroecolog\u00eda: conclusiones en base a los debates previos sobre los pasos a dar por el sector.<\/p>\n<p><strong>Dirigido a:<\/strong>\u00a0Personas productoras eco, transformaci\u00f3n agroalimentaria eco, responsables de distribuci\u00f3n eco, t\u00e9cnicos administraci\u00f3n local o auton\u00f3mica (encargados de la redac-ci\u00f3n de pliegos, agentes de desarrollo local, y grupos de desarrollo local), formadores-asesores, grupos de consumo, AMPAs, Personal de comedores colectivos (centros educati-vos, residencias de mayores y centros de d\u00eda, centros de menores,\u2026), empresas de catering, grupos pol\u00edticos<\/p>\n<p><strong>Inscripci\u00f3n<\/strong>\u00a0a trav\u00e9s del formulario accesible en\u00a0<a href=\"https:\/\/docs.google.com\/forms\/d\/e\/1FAIpQLSdV2fSBG5FVy4sUa2hvUHGs3ud7OQ_AxbsNvmdbtILa8IV5uQ\/viewform\">este enlace<\/a>. Plazas limitadas a los primeros 30 inscritos (por orden de inscripci\u00f3n).<\/p>\n","protected":false},"excerpt":{"rendered":"<p>PROGRAMA DE LA JORNADA: LA CONTRATACI\u00d3N P\u00daBLICA Y EL DESARROLLO DE OPORTUNIDADES PARA EL ABASTECIMIENTO DE PRODUCTOS DESDE LA PRODUCCI\u00d3N LOCAL ECOL\u00d3GICA 23 de abril 10:00 Presentaci\u00f3n\u00a0de la Jornada y sus objetivos 10:10 Mesa de Ponencias Marco 1.-Sobre las oportunidades de la gesti\u00f3n agroecol\u00f3gica del medio rural periurbano y la rehabilitaci\u00f3n de los sistemas agroalimentarios&#8230;<\/p>\n","protected":false},"author":2,"featured_media":0,"comment_status":"closed","ping_status":"closed","sticky":false,"template":"","format":"standard","meta":[],"categories":[1],"tags":[],"_links":{"self":[{"href":"https:\/\/copaeastur.org\/en\/wp-json\/wp\/v2\/posts\/18465"}],"collection":[{"href":"https:\/\/copaeastur.org\/en\/wp-json\/wp\/v2\/posts"}],"about":[{"href":"https:\/\/copaeastur.org\/en\/wp-json\/wp\/v2\/types\/post"}],"author":[{"embeddable":true,"href":"https:\/\/copaeastur.org\/en\/wp-json\/wp\/v2\/users\/2"}],"replies":[{"embeddable":true,"href":"https:\/\/copaeastur.org\/en\/wp-json\/wp\/v2\/comments?post=18465"}],"version-history":[{"count":4,"href":"https:\/\/copaeastur.org\/en\/wp-json\/wp\/v2\/posts\/18465\/revisions"}],"predecessor-version":[{"id":18469,"href":"https:\/\/copaeastur.org\/en\/wp-json\/wp\/v2\/posts\/18465\/revisions\/18469"}],"wp:attachment":[{"href":"https:\/\/copaeastur.org\/en\/wp-json\/wp\/v2\/media?parent=18465"}],"wp:term":[{"taxonomy":"category","embeddable":true,"href":"https:\/\/copaeastur.org\/en\/wp-json\/wp\/v2\/categories?post=18465"},{"taxonomy":"post_tag","embeddable":true,"href":"https:\/\/copaeastur.org\/en\/wp-json\/wp\/v2\/tags?post=18465"}],"curies":[{"name":"wp","href":"https:\/\/api.w.org\/{rel}","templated":true}]}}