{"id":19500,"date":"2021-10-05T08:41:32","date_gmt":"2021-10-05T08:41:32","guid":{"rendered":"https:\/\/www.copaeastur.org\/?p=19500"},"modified":"2026-01-21T18:49:20","modified_gmt":"2026-01-21T18:49:20","slug":"jornada-tecnica-sobre-el-sector-de-la-manzana-xxxiii-festival-de-la-manzana","status":"publish","type":"post","link":"https:\/\/copaeastur.org\/as\/jornada-tecnica-sobre-el-sector-de-la-manzana-xxxiii-festival-de-la-manzana\/","title":{"rendered":"JORNADA T\u00c9CNICA SOBRE EL SECTOR DE LA MANZANA &#8211; XXXIII Festival de la Manzana"},"content":{"rendered":"<p>El pr\u00f3ximo viernes, 8 de octubre , Villaviciosa acoger\u00e1 la Jornada T\u00e9cnica sobre el Sector de la Manzana, a cargo del SERIDA, en el marco del XXXIII Festival de la Manzana.<br \/>\n&nbsp;<br \/>\nSe ofrecer\u00e1n las conferencias <em>Componentes bioactivos de subproductos de la manzana: La pectina de la magaya<\/em>, a cargo de Abelardo Margolles y Lorena Ru\u00edz (IPLA),\u00a0<em>Antioxidantes naturales de la magaya<\/em>, impartida por Anna Picinelli y Bel\u00e9n Su\u00e1rez (SERIDA),\u00a0<em>Necesidades de fr\u00edo invernal y an\u00e1lisis de las repercusiones del cambio clim\u00e1tico en la floraci\u00f3n de las variedades de manzano\u00a0<\/em>por \u00c1lvaro Delgado y Enrique Dapena (SERIDA) y\u00a0<em>Cualidades agron\u00f3micas y tecnol\u00f3gicas de las nuevas obtenciones del SERIDA, incluidas en la DOP Sidra de Ast<\/em>urias, a cargo de Enrique Dapena, M\u00aa Jos\u00e9 Ant\u00f3n y Mercedes Fern\u00e1ndez (SERIDA). La jornada finalizar\u00e1 con una visita guiada a una finca colaboradora.<br \/>\n&nbsp;<br \/>\nEs necesaria inscripci\u00f3n previa para la participaci\u00f3n en la Jornada T\u00e9cnica y en las actividades.<br \/>\nLa Jornada T\u00e9cnica se podr\u00e1 seguir en directo en el canal de Youtube y redes sociales del SERIDA y del Ayuntamiento de Villaviciosa.<br \/>\n&nbsp;<br \/>\n<a href=\"https:\/\/www.copaeastur.org\/wp-content\/uploads\/2021\/10\/Programa-Jornada-T\u00e9cnica-de-la-Manzana.pdf\">Programa Jornada T\u00e9cnica de la Manzana<\/a><br \/>\n&nbsp;<br \/>\n<img decoding=\"async\" loading=\"lazy\" class=\"size-medium wp-image-19504 alignleft\" src=\"https:\/\/www.copaeastur.org\/wp-content\/uploads\/2021\/10\/image_2021-10-05_10-33-09-211x300.png\" alt=\"\" width=\"211\" height=\"300\" srcset=\"https:\/\/copaeastur.org\/wp-content\/uploads\/2021\/10\/image_2021-10-05_10-33-09-211x300.png 211w, https:\/\/copaeastur.org\/wp-content\/uploads\/2021\/10\/image_2021-10-05_10-33-09-500x712.png 500w, https:\/\/copaeastur.org\/wp-content\/uploads\/2021\/10\/image_2021-10-05_10-33-09.png 501w\" sizes=\"(max-width: 211px) 100vw, 211px\" \/><\/p>\n","protected":false},"excerpt":{"rendered":"<p>El pr\u00f3ximo viernes, 8 de octubre , Villaviciosa acoger\u00e1 la Jornada T\u00e9cnica sobre el Sector de la Manzana, a cargo del SERIDA, en el marco del XXXIII Festival de la Manzana. &nbsp; Se ofrecer\u00e1n las conferencias Componentes bioactivos de subproductos de la manzana: La pectina de la magaya, a cargo de Abelardo Margolles y Lorena&#8230;<\/p>\n","protected":false},"author":2,"featured_media":0,"comment_status":"closed","ping_status":"closed","sticky":false,"template":"","format":"standard","meta":[],"categories":[1],"tags":[],"_links":{"self":[{"href":"https:\/\/copaeastur.org\/as\/wp-json\/wp\/v2\/posts\/19500"}],"collection":[{"href":"https:\/\/copaeastur.org\/as\/wp-json\/wp\/v2\/posts"}],"about":[{"href":"https:\/\/copaeastur.org\/as\/wp-json\/wp\/v2\/types\/post"}],"author":[{"embeddable":true,"href":"https:\/\/copaeastur.org\/as\/wp-json\/wp\/v2\/users\/2"}],"replies":[{"embeddable":true,"href":"https:\/\/copaeastur.org\/as\/wp-json\/wp\/v2\/comments?post=19500"}],"version-history":[{"count":2,"href":"https:\/\/copaeastur.org\/as\/wp-json\/wp\/v2\/posts\/19500\/revisions"}],"predecessor-version":[{"id":19508,"href":"https:\/\/copaeastur.org\/as\/wp-json\/wp\/v2\/posts\/19500\/revisions\/19508"}],"wp:attachment":[{"href":"https:\/\/copaeastur.org\/as\/wp-json\/wp\/v2\/media?parent=19500"}],"wp:term":[{"taxonomy":"category","embeddable":true,"href":"https:\/\/copaeastur.org\/as\/wp-json\/wp\/v2\/categories?post=19500"},{"taxonomy":"post_tag","embeddable":true,"href":"https:\/\/copaeastur.org\/as\/wp-json\/wp\/v2\/tags?post=19500"}],"curies":[{"name":"wp","href":"https:\/\/api.w.org\/{rel}","templated":true}]}}