{"id":19276,"date":"2021-02-19T09:49:35","date_gmt":"2021-02-19T09:49:35","guid":{"rendered":"https:\/\/copaeastur.org\/?p=19276"},"modified":"2021-02-19T09:49:35","modified_gmt":"2021-02-19T09:49:35","slug":"el-copae-proclama-nuevos-vocales-eleutos","status":"publish","type":"post","link":"https:\/\/copaeastur.org\/as\/el-copae-proclama-nuevos-vocales-eleutos\/","title":{"rendered":"El COPAE proclama nuevos vocales eleutos"},"content":{"rendered":"<blockquote><p>G\u00fcei desendolc\u00e1ronse les eleiciones del COPAE, coles que se va a anovar<br \/>\nel Plenu del Conseyu ensembre. Los vocales eleutos representar\u00e1n a<br \/>\ntolos operadores que formen el COPAE<\/p><\/blockquote>\n<p>POSADA DE LLANERA, 19 de febreru<\/p>\n<p>El Conseyu de la Producci\u00f3n Agraria Ecol\u00f3xica del Princip\u00e1u d&#8217;Asturies (COPAE),<br \/>\ncelebr\u00f3 g\u00fcei les elecciones pal anovamientu del Conseyu. De les 4 estayes nes que se<br \/>\ndixebra el censu eleutoral, l\u2019\u00fanicu que diba a les urnes yera&#8217;l d&#8217;ellaboraci\u00f3n, con tr\u00e9s<br \/>\ncandidatures, porque al restu d\u2019estayes present\u00f3se una \u00fanica candidatura. La votaci\u00f3n<br \/>\nde la estaya d&#8217;ellaboraci\u00f3n tuvo una participaci\u00f3n del 50 % del censu, consiguiendo<br \/>\nuna alta participaci\u00f3n al facilitar el derechu a votu per aciu del votu per corr\u00e9u.<\/p>\n<p>La Xunta Eleutoral, compuesta por representantes de la Conseyer\u00eda de Mediu<br \/>\nRural, del Serviciu d&#8217;Investigaci\u00f3n y Desarrollu Agroalimentariu del Princip\u00e1u<br \/>\nd&#8217;Asturies (SERIDA), de Cooperatives Agro-alimentaries del Princip\u00e1u d&#8217;Asturies (CAA) y<br \/>\nde l&#8217;Asociaci\u00f3n d&#8217;Investigaci\u00f3n d&#8217;Industries de la Carne (ASINCAR), proclam\u00f3 los<br \/>\nvocales eleutos en recibiendo l&#8217;acta d&#8217;escrutiniu de la Mesa Eleutoral.<br \/>\nCola resultancia de les elecciones de la estaya d&#8217;ellaboraci\u00f3n, y les candidatures<br \/>\n\u00faniques de les estayes d&#8217;agricultura, ganader\u00eda y comercializaci\u00f3n, va constituyise un<br \/>\nplenu del Conseyu que sup\u00f3n un anovamientu dafechu de les persones que la<br \/>\ncomponen.<\/p>\n<p>Tres la proclamaci\u00f3n definitiva de los vocales, una vegada trescurr\u00edu\u2019l plazu de<br \/>\npresentaci\u00f3n de recursos, La Xunta Eleutora proceder\u00e1 al a procalamaci\u00f3n de los<br \/>\nvocales y va convocase una sesi\u00f3n plenaria na que se va designar la presidencia y<br \/>\nvicepresidencia del Conseyu. Am\u00e1s, el Plenu del Conseyu va cuntar con representantes<br \/>\nde los consumidores y de l&#8217;alministraci\u00f3n, designaos pol Plenu del Conseyu y pola<br \/>\nConseyer\u00eda de Mediu Rural, respeutivamente.<br \/>\nCon estes elleiciones rem\u00e1tase un procesu de cambiu na naturaleza xur\u00eddica del<br \/>\nCOPAE, que pasa a ser una corporaci\u00f3n de drechu p\u00fablicu integrada por tolos<br \/>\noperadores e producci\u00f3n ecol\u00f3xica inscritos. El censu eleutor taba constituy\u00edu por 234<br \/>\noperadores d`agricultura, 225 de ganader\u00eda, 96 de elaboraci\u00f3n y 45 de<br \/>\ncomercializaci\u00f3n<\/p>\n<p>M\u00e1s informaci\u00f3n: https:\/\/www.copaeastur.org\/es\/category\/normativa\/<\/p>\n<blockquote><p>&nbsp;<\/p><\/blockquote>\n","protected":false},"excerpt":{"rendered":"<p>G\u00fcei desendolc\u00e1ronse les eleiciones del COPAE, coles que se va a anovar el Plenu del Conseyu ensembre. Los vocales eleutos representar\u00e1n a tolos operadores que formen el COPAE POSADA DE LLANERA, 19 de febreru El Conseyu de la Producci\u00f3n Agraria Ecol\u00f3xica del Princip\u00e1u d&#8217;Asturies (COPAE), celebr\u00f3 g\u00fcei les elecciones pal anovamientu del Conseyu. De les&#8230;<\/p>\n","protected":false},"author":2,"featured_media":0,"comment_status":"closed","ping_status":"closed","sticky":false,"template":"","format":"standard","meta":[],"categories":[173],"tags":[],"_links":{"self":[{"href":"https:\/\/copaeastur.org\/as\/wp-json\/wp\/v2\/posts\/19276"}],"collection":[{"href":"https:\/\/copaeastur.org\/as\/wp-json\/wp\/v2\/posts"}],"about":[{"href":"https:\/\/copaeastur.org\/as\/wp-json\/wp\/v2\/types\/post"}],"author":[{"embeddable":true,"href":"https:\/\/copaeastur.org\/as\/wp-json\/wp\/v2\/users\/2"}],"replies":[{"embeddable":true,"href":"https:\/\/copaeastur.org\/as\/wp-json\/wp\/v2\/comments?post=19276"}],"version-history":[{"count":1,"href":"https:\/\/copaeastur.org\/as\/wp-json\/wp\/v2\/posts\/19276\/revisions"}],"predecessor-version":[{"id":19277,"href":"https:\/\/copaeastur.org\/as\/wp-json\/wp\/v2\/posts\/19276\/revisions\/19277"}],"wp:attachment":[{"href":"https:\/\/copaeastur.org\/as\/wp-json\/wp\/v2\/media?parent=19276"}],"wp:term":[{"taxonomy":"category","embeddable":true,"href":"https:\/\/copaeastur.org\/as\/wp-json\/wp\/v2\/categories?post=19276"},{"taxonomy":"post_tag","embeddable":true,"href":"https:\/\/copaeastur.org\/as\/wp-json\/wp\/v2\/tags?post=19276"}],"curies":[{"name":"wp","href":"https:\/\/api.w.org\/{rel}","templated":true}]}}